{"id":1042,"date":"2025-07-15T15:41:09","date_gmt":"2025-07-15T15:41:09","guid":{"rendered":"https:\/\/santiagoinformaweb.com.ar\/index\/?p=1042"},"modified":"2025-07-15T16:05:04","modified_gmt":"2025-07-15T16:05:04","slug":"el-inesperado-y-riesgoso-efecto-trump-su-guerra-de-aranceles-acelera-la-inflacion-en-estados-unidos","status":"publish","type":"post","link":"https:\/\/santiagoinformaweb.com.ar\/index\/2025\/07\/15\/el-inesperado-y-riesgoso-efecto-trump-su-guerra-de-aranceles-acelera-la-inflacion-en-estados-unidos\/","title":{"rendered":"El inesperado y riesgoso \u201cefecto Trump\u201d: su guerra de aranceles acelera la inflaci\u00f3n en Estados Unidos"},"content":{"rendered":"<p>La inflaci\u00f3n de Estados Unidos se aceler\u00f3 a 0,3% en junio, tras el 0,1% de mayo, lo cual analistas locales lo atribuyen a la suba de aranceles que dispuso Donald Trump.<\/p>\n<p>De esta forma, la inflaci\u00f3n en 12 meses ascendi\u00f3 a 2,7%, tras el 2,4% de mayo, seg\u00fan inform\u00f3 el martes la Oficina de Estad\u00edsticas Laborales del Departamento de Trabajo.<\/p>\n<p>Este aumento de la inflaci\u00f3n puede reavivar la tensi\u00f3n entre Trump y el titular de la Reserva Federal, Jerome Powell.<\/p>\n<p>Un alza de la inflaci\u00f3n puede demorar la rebaja de la tasa de inter\u00e9s que pide Trump, lo cual siempre es una complicaci\u00f3n para los mercados emergentes como la Argentina, sensibles al nivel de rendimiento de los bonos del Tesoro americano.<\/p>\n<p>Economistas y analistas financieros atribuyen esta suba al efecto de los aranceles impuestos por Trump que empujaron a parte de los precios internos.<\/p>\n<p>Trump anunci\u00f3 que el 1 de agosto entrar\u00edan en vigor aranceles m\u00e1s altos para las importaciones de diversos pa\u00edses, como M\u00e9xico, Jap\u00f3n, Canad\u00e1 y Brasil, as\u00ed como para la Uni\u00f3n Europea.<\/p>\n<p>La Reserva Federal sigue diferentes indicadores de inflaci\u00f3n porque su objetivo sigue siendo que se reduzca a 2% anual.<\/p>\n<p>Por eso, se espera que el banco central mantenga su tipo de inter\u00e9s de referencia a un d\u00eda en el rango del 4,25% al 4,50% en la reuni\u00f3n de pol\u00edtica monetaria que se realizar\u00e1 a fin de mes.<\/p>\n","protected":false},"excerpt":{"rendered":"<p>La inflaci\u00f3n de Estados Unidos se aceler\u00f3 a 0,3% en junio, tras el 0,1% de mayo, lo cual analistas locales lo atribuyen a la suba de aranceles que dispuso Donald Trump. De esta forma, la inflaci\u00f3n en 12 meses ascendi\u00f3 a 2,7%, tras el 2,4% de mayo, seg\u00fan inform\u00f3 el martes la Oficina de Estad\u00edsticas Laborales del Departamento de Trabajo. Este aumento de la inflaci\u00f3n puede reavivar la tensi\u00f3n entre Trump y el titular de la Reserva Federal, Jerome Powell. Un alza de la inflaci\u00f3n puede demorar la rebaja de&hellip;<\/p>\n","protected":false},"author":1,"featured_media":924,"comment_status":"open","ping_status":"open","sticky":false,"template":"","format":"standard","meta":{"footnotes":""},"categories":[5],"tags":[],"class_list":["post-1042","post","type-post","status-publish","format-standard","has-post-thumbnail","hentry","category-general"],"rttpg_featured_image_url":{"full":["https:\/\/santiagoinformaweb.com.ar\/index\/wp-content\/uploads\/2025\/06\/Donald-Trump.webp",1280,650,false],"landscape":["https:\/\/santiagoinformaweb.com.ar\/index\/wp-content\/uploads\/2025\/06\/Donald-Trump.webp",1280,650,false],"portraits":["https:\/\/santiagoinformaweb.com.ar\/index\/wp-content\/uploads\/2025\/06\/Donald-Trump.webp",1280,650,false],"thumbnail":["https:\/\/santiagoinformaweb.com.ar\/index\/wp-content\/uploads\/2025\/06\/Donald-Trump-150x150.webp",150,150,true],"medium":["https:\/\/santiagoinformaweb.com.ar\/index\/wp-content\/uploads\/2025\/06\/Donald-Trump-300x152.webp",300,152,true],"large":["https:\/\/santiagoinformaweb.com.ar\/index\/wp-content\/uploads\/2025\/06\/Donald-Trump-1024x520.webp",640,325,true],"1536x1536":["https:\/\/santiagoinformaweb.com.ar\/index\/wp-content\/uploads\/2025\/06\/Donald-Trump.webp",1280,650,false],"2048x2048":["https:\/\/santiagoinformaweb.com.ar\/index\/wp-content\/uploads\/2025\/06\/Donald-Trump.webp",1280,650,false],"post-thumbnail":["https:\/\/santiagoinformaweb.com.ar\/index\/wp-content\/uploads\/2025\/06\/Donald-Trump-240x172.webp",240,172,true],"psacp-medium":["https:\/\/santiagoinformaweb.com.ar\/index\/wp-content\/uploads\/2025\/06\/Donald-Trump.webp",500,254,false]},"rttpg_author":{"display_name":"rober","author_link":"https:\/\/santiagoinformaweb.com.ar\/index\/author\/rober\/"},"rttpg_comment":0,"rttpg_category":"<a href=\"https:\/\/santiagoinformaweb.com.ar\/index\/category\/general\/\" rel=\"category tag\">GENERAL<\/a>","rttpg_excerpt":"La inflaci\u00f3n de Estados Unidos se aceler\u00f3 a 0,3% en junio, tras el 0,1% de mayo, lo cual analistas locales lo atribuyen a la suba de aranceles que dispuso Donald Trump. De esta forma, la inflaci\u00f3n en 12 meses ascendi\u00f3 a 2,7%, tras el 2,4% de mayo, seg\u00fan inform\u00f3 el martes la Oficina de Estad\u00edsticas&hellip;","_links":{"self":[{"href":"https:\/\/santiagoinformaweb.com.ar\/index\/wp-json\/wp\/v2\/posts\/1042","targetHints":{"allow":["GET"]}}],"collection":[{"href":"https:\/\/santiagoinformaweb.com.ar\/index\/wp-json\/wp\/v2\/posts"}],"about":[{"href":"https:\/\/santiagoinformaweb.com.ar\/index\/wp-json\/wp\/v2\/types\/post"}],"author":[{"embeddable":true,"href":"https:\/\/santiagoinformaweb.com.ar\/index\/wp-json\/wp\/v2\/users\/1"}],"replies":[{"embeddable":true,"href":"https:\/\/santiagoinformaweb.com.ar\/index\/wp-json\/wp\/v2\/comments?post=1042"}],"version-history":[{"count":1,"href":"https:\/\/santiagoinformaweb.com.ar\/index\/wp-json\/wp\/v2\/posts\/1042\/revisions"}],"predecessor-version":[{"id":1043,"href":"https:\/\/santiagoinformaweb.com.ar\/index\/wp-json\/wp\/v2\/posts\/1042\/revisions\/1043"}],"wp:featuredmedia":[{"embeddable":true,"href":"https:\/\/santiagoinformaweb.com.ar\/index\/wp-json\/wp\/v2\/media\/924"}],"wp:attachment":[{"href":"https:\/\/santiagoinformaweb.com.ar\/index\/wp-json\/wp\/v2\/media?parent=1042"}],"wp:term":[{"taxonomy":"category","embeddable":true,"href":"https:\/\/santiagoinformaweb.com.ar\/index\/wp-json\/wp\/v2\/categories?post=1042"},{"taxonomy":"post_tag","embeddable":true,"href":"https:\/\/santiagoinformaweb.com.ar\/index\/wp-json\/wp\/v2\/tags?post=1042"}],"curies":[{"name":"wp","href":"https:\/\/api.w.org\/{rel}","templated":true}]}}