{"id":1096,"date":"2025-07-24T22:21:17","date_gmt":"2025-07-24T22:21:17","guid":{"rendered":"https:\/\/santiagoinformaweb.com.ar\/index\/?p=1096"},"modified":"2025-07-24T22:21:17","modified_gmt":"2025-07-24T22:21:17","slug":"video-belen-abdala-forres-es-identidad-es-memoria-es-el-alma-de-nuestras-tradiciones-de-nuestras-familias-de-nuestras-esperanzas-compartidas","status":"publish","type":"post","link":"https:\/\/santiagoinformaweb.com.ar\/index\/2025\/07\/24\/video-belen-abdala-forres-es-identidad-es-memoria-es-el-alma-de-nuestras-tradiciones-de-nuestras-familias-de-nuestras-esperanzas-compartidas\/","title":{"rendered":"VIDEO\/ Bel\u00e9n Abdala: \u201cForres, es identidad, es memoria, es el alma de nuestras tradiciones, de nuestras familias, de nuestras esperanzas compartidas\u201d"},"content":{"rendered":"<p>24.07.25 Con importante participaci\u00f3n de vecinos, investidos en un clima de entusiasmo y alegr\u00eda -pese a la contingencia clim\u00e1tica que oblig\u00f3 a cambiar de escenario programado y armado-, como lo anunciara la autoridad municipal, se celebr\u00f3 ayer el 96 aniversario de la fundaci\u00f3n de la ciudad de Forres. El acto oficial, se realiz\u00f3 en el SUM del Colegio Secundario San Isidro Labrador, presidiendo el mismo el vicegobernador,\u00a0<strong>Dr. Carlos Silva Neder<\/strong>, y la intendenta,\u00a0<strong>Mar\u00eda Bel\u00e9n Abdala<\/strong>.<\/p>\n<p>El Vicegobernador, celebr\u00f3 el aniversario de la ciudad y transmiti\u00f3 la fraterna salutaci\u00f3n del gobernador, Dr. Gerardo Zamora, a autoridades y vecinos de la ciudad de Forres, por tan importante acontecimiento.<\/p>\n<figure class=\"wp-block-embed aligncenter is-type-video is-provider-youtube wp-block-embed-youtube wp-embed-aspect-16-9 wp-has-aspect-ratio\">\n<div class=\"wp-block-embed__wrapper\"><iframe loading=\"lazy\" title=\"96 Aniversario de la Ciudad de Forres - Intendente, Bel\u00e9n Abdala\" src=\"https:\/\/www.youtube.com\/embed\/9u4fgKFBJMo?feature=oembed\" width=\"640\" height=\"360\" frameborder=\"0\" allowfullscreen=\"allowfullscreen\" data-mce-fragment=\"1\"><\/iframe><\/div>\n<\/figure>\n<p><strong>Bel\u00e9n Abdala<\/strong><\/p>\n<p>La Intendente, Bel\u00e9n Abdala, dirigi\u00e9ndose a los presentes se\u00f1al\u00f3 que \u201ces una tarde muy at\u00edpica y afloran sentimientos, cu\u00e1nto m\u00e1s habiendo sido alumna del Colegio San Isidro Labrador, instituci\u00f3n donde me he formado y por la que siento mucho orgullo\u201d. Agradeci\u00f3 al rector Hugo Garavaglia \u201cpor permitirnos poder festejar aqu\u00ed, en este SUM\u201d.<\/p>\n<p>En la ocasi\u00f3n Abdala, agradeci\u00f3 a colegas presentes, a los funcionarios provinciales, diputada nacional, miembros del gabinete municipal, empleados municipales, establecimientos escolares, ONGs, instituciones civiles, organismos de seguridad y vecinos \u201cpor acompa\u00f1ar esta celebraci\u00f3n\u201d.<\/p>\n<p>Dirigi\u00e9ndose a la concurrencia dijo. \u201cQueridos vecinos y vecinas, hoy nos re\u00fane un sentimiento profundo de orgullo y pertenencia. Celebramos los 96 a\u00f1os de nuestra querida ciudad, una tierra que creci\u00f3 con esfuerzo, con valores, con historia y sobre todo con el trabajo incansable de su gente\u201d.<\/p>\n<p>Dijo Abdala, que \u201cForres no es solamente un lugar en el mapa. Forres, es identidad, es memoria, es el alma de nuestras tradiciones, de nuestras familias, de nuestras esperanzas compartidas, de cada rinc\u00f3n de esta ciudad. Cada rinc\u00f3n, guarda las huellas de generaciones que construyeron d\u00eda a d\u00eda con dignidad y con amor esta tierra. En este nuevo aniversario deseo expresar mi profundo agradecimiento a todos ustedes, mi querida comunidad, a nuestros docentes, comerciantes, productores, profesionales, emprendedores, a nuestros j\u00f3venes que se esfuerzan por superarse y tambi\u00e9n a nuestros adultos mayores, verdaderos pilares de nuestra historia y por supuesto a nuestros h\u00e9roes de Malvinas, que lucharon por nuestra tierra e identidad nacional\u201d.<\/p>\n<p>Aprovech\u00f3 la fecha tan significativa \u201cpara agradecer y felicitar profundamente al equipo de trabajo municipal, a cada trabajador y trabajadora que d\u00eda a d\u00eda pone en el hombro, sin mirar horarios, sin escatimar esfuerzos, desde las primeras horas del d\u00eda cuando muchos de ustedes duermen ya hay manos limpiando calles, arreglando luminarias, atendiendo en los centros de salud, brindando servicios esenciales. Ustedes son parte fundamental de esta gesti\u00f3n. Gracias por su compromiso, por su vocaci\u00f3n y por hacer posible que esta ciudad funcione, avanza y crezca\u201d.<\/p>\n<p>Tambi\u00e9n Abdala, tuvo expresiones de reconocimiento y agradecimiento: \u201cEspecialmente al gobierno de la provincia, al gobernador Gerardo Zamora, por el acompa\u00f1amiento constante, por su mirada federal y su compromiso con el desarrollo del interior, nuestra provincia. Gracias por apoyar las obras y proyectos que hoy est\u00e1n mejorando la vida de nuestros vecinos y vecinas\u201d.<\/p>\n<p>Hizo lo propio con el vicegobernador de la provincia, Dr. Carlos Silva Neder y con el senador nacional, Jos\u00e9 Emilio Neder: \u201cMis compa\u00f1eros de militancia, que me supieron hacer sentir el amor del peronismo y volcarlo y defenderlo en esta funci\u00f3n y lugar en la que hoy me toca estar. As\u00ed como ellos, desde sus lugares, lo hacen en pos de proteger los derechos que conseguimos y que nos quieren arrebatar tan maliciosa e inhumanamente. Por ello, les pido en nombre de todos los forre\u00f1os y santiague\u00f1os que no bajen los brazos, que sigan luchando y defendi\u00e9ndonos, que Dios los gu\u00ede en cada una de sus decisiones\u201d.<\/p>\n<p>Subray\u00f3 la Intendenta, Bel\u00e9n Abdala que \u201csomos una gesti\u00f3n con apertura, con visi\u00f3n de futuro, pero sobre todo con los pies sobre esta tierra. No hacemos promesas vac\u00edas, hacemos camino, con trabajo, con transparencia y con la participaci\u00f3n de todos y todas. Desde este municipio seguimos firmes con la convicci\u00f3n de gobernar cerca, cerca de ustedes, de escucharlos y actuar con sensibilidad social\u201d.<\/p>\n<p>Record\u00f3 que hace unos meses present\u00f3 su informe de gesti\u00f3n con logros que se consiguieron para la ciudad en cuanto a producci\u00f3n, educaci\u00f3n, salud y dem\u00e1s, puntualizando que \u201ca la fecha esa lista fue creciendo, porque seguimos firmes gestionando nuevos proyectos que hacen crecer y desarrollarse m\u00e1s a nuestro Forres querido. Sabemos que todav\u00eda falta mucho por hacer y que atravesamos momentos dif\u00edciles, en un contexto nacional complejo, con decisiones que muchas veces afectan de manera directa a nuestros sectores m\u00e1s vulnerables\u201d.<\/p>\n<p>Inst\u00f3 Abdala a no bajar los brazos: \u201cDesde este municipio redoblamos el compromiso de seguir trabajando con responsabilidad, con transparencia y sensibilidad social por sobre todas las cosas. Soy una intendenta con convicciones, pero tambi\u00e9n con apertura\u201d.<\/p>\n<p>Agreg\u00f3 que \u201ccreo en el di\u00e1logo, en la participaci\u00f3n de todos los sectores y en un gobierno que, por sobre todas las cosas escuche, que acompa\u00f1e y que est\u00e9 cerca de cada barrio, de cada paraje, de cada familia\u201d.<\/p>\n<p>A\u00f1adi\u00f3: \u201cForres cumple 96 a\u00f1os y est\u00e1 viva, m\u00e1s viva que nunca, en movimiento, proyectando su futuro sin olvidar sus ra\u00edces. Que esta celebraci\u00f3n sea tambi\u00e9n una profunda oportunidad para renovar nuestro amor por la ciudad, para sembrar esperanzas y para seguir construyendo juntos el Forres que so\u00f1amos. Una ciudad m\u00e1s justa, m\u00e1s inclusiva, m\u00e1s solidaria y con oportunidad para todos y todas\u201d.<\/p>\n<p>Concluyendo su alocuci\u00f3n, seguida atentamente por la concurrencia, dijo: \u201cA pesar de la inclemencia del tiempo, decidimos festejar tu cumplea\u00f1os mi querido Forres, porque el amor por esta tierra es m\u00e1s fuerte que cualquier tormenta. Hoy no hay excusas, hay compromiso, emoci\u00f3n y muchas ganas de celebrar tus 96 a\u00f1os de historia. Gracias a quienes se suman, acompa\u00f1an y entienden que lo hacemos y que siempre lo hacemos desde el coraz\u00f3n\u201d.<\/p>\n<p>Emocionada cerr\u00f3. \u201c\u00a1Feliz cumplea\u00f1os, Forres querido! \u00a1Feliz cumplea\u00f1os! \u00a1Viva nuestra querida ciudad! \u00a1Viva Santiago del Estero! Y hoy en d\u00eda, m\u00e1s que nunca, \u00a1viva la patria, compa\u00f1eros!\u201d<\/p>\n<p><strong>Invitados<\/strong><\/p>\n<p>Particip\u00f3 del acto el ministro de Gobierno,\u00a0<strong>Dr. Marcelo Barbur<\/strong>; la directora de Relaciones Institucionales del Ministerio de Desarrollo Social, Carla Donzelli; la presidenta provisional de la Legislatura,\u00a0<strong>Norma Abdala de Matarazzo<\/strong>; diputada nacional,\u00a0<strong>Lic. Estela Neder<\/strong>\u00a0y secretario Legislativo,\u00a0<strong>Dr. Luis Herrera<\/strong>, el comisionado municipal de Colonia El Simbolar, profesor<strong>\u00a0\u00c1ngel I\u00f1iguez.<\/strong><\/p>\n<p>Tambi\u00e9n estuvieron presentes: subsecretario de Gobierno,<strong>\u00a0Facundo Funes<\/strong>; diputadas provinciales,<strong>\u00a0Nora Mercado, Anita Herrera, Viviana Campos y Patricia Buena<\/strong>; jefe de la Polic\u00eda de la Provincia, comisario\u00a0<strong>Daniel Loto<\/strong>; delegado del Mocase,\u00a0<strong>Adolfo Far\u00edas<\/strong>; , director de Seguridad Vial,\u00a0<strong>N\u00e9stor Flores<\/strong>; polit\u00f3logo\u00a0<strong>Lic. Diego Ramos<\/strong>; excombatientes de Malvinas; instituciones educativas, ONGs, fuerzas de seguridad, entre otros.<\/p>\n<p><strong>Entregas<\/strong><\/p>\n<p>Durante la ceremonia protocolar, Silva Neder y las autoridades presentes hicieron entrega en nombre del Gobierno de la Provincia de un total de 16 viviendas sociales.<\/p>\n<p>En este marco, adem\u00e1s, el Gobierno de la Provincia entreg\u00f3 un cami\u00f3n atmosf\u00e9rico desobstructor 0 km que pasa a formar parte del parque automotor de la Municipalidad de Forres al servicio de la comunidad.<\/p>\n<p>Tambi\u00e9n se anunci\u00f3 el inicio del proceso licitatorio para el enripiado de los caminos que unen Forres-Buey Muerto y Forres-Ampata.<\/p>\n<p>Asimismo, las autoridades hicieron entrega de subsidios a dos reconocidas instituciones deportivas de esta ciudad, los clubes Atl\u00e9tico Forres y Defensores de Forres.<\/p>\n<p>Durante el acto, se entregaron: declaraciones de Hu\u00e9sped de Honor, de inter\u00e9s provincial y nacional; plaqueta recordatoria y reconocimientos a vecinos destacados de Forres.<\/p>\n","protected":false},"excerpt":{"rendered":"<p>24.07.25 Con importante participaci\u00f3n de vecinos, investidos en un clima de entusiasmo y alegr\u00eda -pese a la contingencia clim\u00e1tica que oblig\u00f3 a cambiar de escenario programado y armado-, como lo anunciara la autoridad municipal, se celebr\u00f3 ayer el 96 aniversario de la fundaci\u00f3n de la ciudad de Forres. El acto oficial, se realiz\u00f3 en el SUM del Colegio Secundario San Isidro Labrador, presidiendo el mismo el vicegobernador,\u00a0Dr. Carlos Silva Neder, y la intendenta,\u00a0Mar\u00eda Bel\u00e9n Abdala. El Vicegobernador, celebr\u00f3 el aniversario de la ciudad y transmiti\u00f3 la fraterna salutaci\u00f3n del gobernador,&hellip;<\/p>\n","protected":false},"author":1,"featured_media":1097,"comment_status":"open","ping_status":"open","sticky":false,"template":"","format":"standard","meta":{"footnotes":""},"categories":[4,2],"tags":[],"class_list":["post-1096","post","type-post","status-publish","format-standard","has-post-thumbnail","hentry","category-interior","category-locales"],"rttpg_featured_image_url":{"full":["https:\/\/santiagoinformaweb.com.ar\/index\/wp-content\/uploads\/2025\/07\/foto.jpg",2048,1497,false],"landscape":["https:\/\/santiagoinformaweb.com.ar\/index\/wp-content\/uploads\/2025\/07\/foto.jpg",2048,1497,false],"portraits":["https:\/\/santiagoinformaweb.com.ar\/index\/wp-content\/uploads\/2025\/07\/foto.jpg",2048,1497,false],"thumbnail":["https:\/\/santiagoinformaweb.com.ar\/index\/wp-content\/uploads\/2025\/07\/foto-150x150.jpg",150,150,true],"medium":["https:\/\/santiagoinformaweb.com.ar\/index\/wp-content\/uploads\/2025\/07\/foto-300x219.jpg",300,219,true],"large":["https:\/\/santiagoinformaweb.com.ar\/index\/wp-content\/uploads\/2025\/07\/foto-1024x749.jpg",640,468,true],"1536x1536":["https:\/\/santiagoinformaweb.com.ar\/index\/wp-content\/uploads\/2025\/07\/foto-1536x1123.jpg",1536,1123,true],"2048x2048":["https:\/\/santiagoinformaweb.com.ar\/index\/wp-content\/uploads\/2025\/07\/foto.jpg",2048,1497,false],"post-thumbnail":["https:\/\/santiagoinformaweb.com.ar\/index\/wp-content\/uploads\/2025\/07\/foto-240x172.jpg",240,172,true],"psacp-medium":["https:\/\/santiagoinformaweb.com.ar\/index\/wp-content\/uploads\/2025\/07\/foto.jpg",500,365,false]},"rttpg_author":{"display_name":"rober","author_link":"https:\/\/santiagoinformaweb.com.ar\/index\/author\/rober\/"},"rttpg_comment":0,"rttpg_category":"<a href=\"https:\/\/santiagoinformaweb.com.ar\/index\/category\/interior\/\" rel=\"category tag\">INTERIOR<\/a> <a href=\"https:\/\/santiagoinformaweb.com.ar\/index\/category\/locales\/\" rel=\"category tag\">LOCALES<\/a>","rttpg_excerpt":"24.07.25 Con importante participaci\u00f3n de vecinos, investidos en un clima de entusiasmo y alegr\u00eda -pese a la contingencia clim\u00e1tica que oblig\u00f3 a cambiar de escenario programado y armado-, como lo anunciara la autoridad municipal, se celebr\u00f3 ayer el 96 aniversario de la fundaci\u00f3n de la ciudad de Forres. El acto oficial, se realiz\u00f3 en el&hellip;","_links":{"self":[{"href":"https:\/\/santiagoinformaweb.com.ar\/index\/wp-json\/wp\/v2\/posts\/1096","targetHints":{"allow":["GET"]}}],"collection":[{"href":"https:\/\/santiagoinformaweb.com.ar\/index\/wp-json\/wp\/v2\/posts"}],"about":[{"href":"https:\/\/santiagoinformaweb.com.ar\/index\/wp-json\/wp\/v2\/types\/post"}],"author":[{"embeddable":true,"href":"https:\/\/santiagoinformaweb.com.ar\/index\/wp-json\/wp\/v2\/users\/1"}],"replies":[{"embeddable":true,"href":"https:\/\/santiagoinformaweb.com.ar\/index\/wp-json\/wp\/v2\/comments?post=1096"}],"version-history":[{"count":1,"href":"https:\/\/santiagoinformaweb.com.ar\/index\/wp-json\/wp\/v2\/posts\/1096\/revisions"}],"predecessor-version":[{"id":1098,"href":"https:\/\/santiagoinformaweb.com.ar\/index\/wp-json\/wp\/v2\/posts\/1096\/revisions\/1098"}],"wp:featuredmedia":[{"embeddable":true,"href":"https:\/\/santiagoinformaweb.com.ar\/index\/wp-json\/wp\/v2\/media\/1097"}],"wp:attachment":[{"href":"https:\/\/santiagoinformaweb.com.ar\/index\/wp-json\/wp\/v2\/media?parent=1096"}],"wp:term":[{"taxonomy":"category","embeddable":true,"href":"https:\/\/santiagoinformaweb.com.ar\/index\/wp-json\/wp\/v2\/categories?post=1096"},{"taxonomy":"post_tag","embeddable":true,"href":"https:\/\/santiagoinformaweb.com.ar\/index\/wp-json\/wp\/v2\/tags?post=1096"}],"curies":[{"name":"wp","href":"https:\/\/api.w.org\/{rel}","templated":true}]}}