{"id":1393,"date":"2026-04-27T01:49:54","date_gmt":"2026-04-27T01:49:54","guid":{"rendered":"https:\/\/santiagoinformaweb.com.ar\/index\/?p=1393"},"modified":"2026-04-27T01:49:54","modified_gmt":"2026-04-27T01:49:54","slug":"la-municipalidad-brindo-capacitacion-sobre-la-lucha-contra-maltrato-infantil-a-docentes-y-organizaciones-civiles","status":"publish","type":"post","link":"https:\/\/santiagoinformaweb.com.ar\/index\/2026\/04\/27\/la-municipalidad-brindo-capacitacion-sobre-la-lucha-contra-maltrato-infantil-a-docentes-y-organizaciones-civiles\/","title":{"rendered":"La Municipalidad brind\u00f3 capacitaci\u00f3n sobre la lucha contra maltrato infantil a docentes y organizaciones civiles"},"content":{"rendered":"<p>Con una importante concurrencia de asistentes, se llev\u00f3 adelante la jornada de capacitaci\u00f3n y actividades de concientizaci\u00f3n por el d\u00eda mundial de la lucha contra el maltrato infantil, organizada por la Municipalidad de la Capital en el \u00d3valo del Parque Sur.<br \/>\nBajo la premisa \u201cNo m\u00e1s silencio\u201d, el espacio que forma parte de las actividades de capacitaci\u00f3n permanente del municipio, convoc\u00f3 en esta ocasi\u00f3n a representantes de centros integrales comunitarios, directivos, docentes y organizaciones civiles comprometidas con las infancias.<br \/>\nLa tem\u00e1tica abordada durante la jornada se centr\u00f3 en el abordaje, prevenci\u00f3n y detecci\u00f3n temprana del maltrato infantil, indicadores, ley Lucio y protocolo de actuaci\u00f3n.<br \/>\nLa formaci\u00f3n estuvo a cargo de Mar\u00eda Lourdes Fr\u00edas Azar y de Rosario Sanguedolce, profesionales de la Direcci\u00f3n del Ni\u00f1o y el Adolescente de la Municipalidad de la Capital, adem\u00e1s Antonella Fava, especialista en Derecho Procesal.<\/p>\n","protected":false},"excerpt":{"rendered":"<p>Con una importante concurrencia de asistentes, se llev\u00f3 adelante la jornada de capacitaci\u00f3n y actividades de concientizaci\u00f3n por el d\u00eda mundial de la lucha contra el maltrato infantil, organizada por la Municipalidad de la Capital en el \u00d3valo del Parque Sur. Bajo la premisa \u201cNo m\u00e1s silencio\u201d, el espacio que forma parte de las actividades de capacitaci\u00f3n permanente del municipio, convoc\u00f3 en esta ocasi\u00f3n a representantes de centros integrales comunitarios, directivos, docentes y organizaciones civiles comprometidas con las infancias. La tem\u00e1tica abordada durante la jornada se centr\u00f3 en el abordaje,&hellip;<\/p>\n","protected":false},"author":1,"featured_media":1394,"comment_status":"open","ping_status":"open","sticky":false,"template":"","format":"standard","meta":{"footnotes":""},"categories":[2],"tags":[],"class_list":["post-1393","post","type-post","status-publish","format-standard","has-post-thumbnail","hentry","category-locales"],"rttpg_featured_image_url":{"full":["https:\/\/santiagoinformaweb.com.ar\/index\/wp-content\/uploads\/2026\/04\/capacitacion.jpeg",1392,829,false],"landscape":["https:\/\/santiagoinformaweb.com.ar\/index\/wp-content\/uploads\/2026\/04\/capacitacion.jpeg",1392,829,false],"portraits":["https:\/\/santiagoinformaweb.com.ar\/index\/wp-content\/uploads\/2026\/04\/capacitacion.jpeg",1392,829,false],"thumbnail":["https:\/\/santiagoinformaweb.com.ar\/index\/wp-content\/uploads\/2026\/04\/capacitacion-150x150.jpeg",150,150,true],"medium":["https:\/\/santiagoinformaweb.com.ar\/index\/wp-content\/uploads\/2026\/04\/capacitacion-300x179.jpeg",300,179,true],"large":["https:\/\/santiagoinformaweb.com.ar\/index\/wp-content\/uploads\/2026\/04\/capacitacion-1024x610.jpeg",640,381,true],"1536x1536":["https:\/\/santiagoinformaweb.com.ar\/index\/wp-content\/uploads\/2026\/04\/capacitacion.jpeg",1392,829,false],"2048x2048":["https:\/\/santiagoinformaweb.com.ar\/index\/wp-content\/uploads\/2026\/04\/capacitacion.jpeg",1392,829,false],"post-thumbnail":["https:\/\/santiagoinformaweb.com.ar\/index\/wp-content\/uploads\/2026\/04\/capacitacion-240x172.jpeg",240,172,true],"psacp-medium":["https:\/\/santiagoinformaweb.com.ar\/index\/wp-content\/uploads\/2026\/04\/capacitacion-500x500.jpeg",500,500,true]},"rttpg_author":{"display_name":"rober","author_link":"https:\/\/santiagoinformaweb.com.ar\/index\/author\/rober\/"},"rttpg_comment":0,"rttpg_category":"<a href=\"https:\/\/santiagoinformaweb.com.ar\/index\/category\/locales\/\" rel=\"category tag\">LOCALES<\/a>","rttpg_excerpt":"Con una importante concurrencia de asistentes, se llev\u00f3 adelante la jornada de capacitaci\u00f3n y actividades de concientizaci\u00f3n por el d\u00eda mundial de la lucha contra el maltrato infantil, organizada por la Municipalidad de la Capital en el \u00d3valo del Parque Sur. Bajo la premisa \u201cNo m\u00e1s silencio\u201d, el espacio que forma parte de las actividades&hellip;","_links":{"self":[{"href":"https:\/\/santiagoinformaweb.com.ar\/index\/wp-json\/wp\/v2\/posts\/1393","targetHints":{"allow":["GET"]}}],"collection":[{"href":"https:\/\/santiagoinformaweb.com.ar\/index\/wp-json\/wp\/v2\/posts"}],"about":[{"href":"https:\/\/santiagoinformaweb.com.ar\/index\/wp-json\/wp\/v2\/types\/post"}],"author":[{"embeddable":true,"href":"https:\/\/santiagoinformaweb.com.ar\/index\/wp-json\/wp\/v2\/users\/1"}],"replies":[{"embeddable":true,"href":"https:\/\/santiagoinformaweb.com.ar\/index\/wp-json\/wp\/v2\/comments?post=1393"}],"version-history":[{"count":1,"href":"https:\/\/santiagoinformaweb.com.ar\/index\/wp-json\/wp\/v2\/posts\/1393\/revisions"}],"predecessor-version":[{"id":1395,"href":"https:\/\/santiagoinformaweb.com.ar\/index\/wp-json\/wp\/v2\/posts\/1393\/revisions\/1395"}],"wp:featuredmedia":[{"embeddable":true,"href":"https:\/\/santiagoinformaweb.com.ar\/index\/wp-json\/wp\/v2\/media\/1394"}],"wp:attachment":[{"href":"https:\/\/santiagoinformaweb.com.ar\/index\/wp-json\/wp\/v2\/media?parent=1393"}],"wp:term":[{"taxonomy":"category","embeddable":true,"href":"https:\/\/santiagoinformaweb.com.ar\/index\/wp-json\/wp\/v2\/categories?post=1393"},{"taxonomy":"post_tag","embeddable":true,"href":"https:\/\/santiagoinformaweb.com.ar\/index\/wp-json\/wp\/v2\/tags?post=1393"}],"curies":[{"name":"wp","href":"https:\/\/api.w.org\/{rel}","templated":true}]}}