{"id":1402,"date":"2026-04-27T20:06:13","date_gmt":"2026-04-27T20:06:13","guid":{"rendered":"https:\/\/santiagoinformaweb.com.ar\/index\/?p=1402"},"modified":"2026-04-27T20:06:13","modified_gmt":"2026-04-27T20:06:13","slug":"el-gobernador-elias-suarez-presidio-el-acto-por-el-206-aniversario-de-la-autonomia-provincial","status":"publish","type":"post","link":"https:\/\/santiagoinformaweb.com.ar\/index\/2026\/04\/27\/el-gobernador-elias-suarez-presidio-el-acto-por-el-206-aniversario-de-la-autonomia-provincial\/","title":{"rendered":"El gobernador El\u00edas Su\u00e1rez presidi\u00f3 el acto por el 206\u00b0 Aniversario de la Autonom\u00eda Provincial"},"content":{"rendered":"<p>El gobernador El\u00edas Su\u00e1rez presidi\u00f3 este lunes por la ma\u00f1ana el acto central por el 206\u00b0 Aniversario de la Autonom\u00eda Provincial, desarrollado en inmediaciones del Parque Aguirre de la ciudad Capital.<br \/>\nAcompa\u00f1aron al mandatario el vicegobernador Carlos Silva Neder; el senador Gerardo Zamora; el jefe de Gabinete, V\u00edctor Araujo; la intendente de la Capital, Norma Fuentes; ministros, representantes del Poder Judicial, legisladores, miembros de las Fuerzas Armadas e invitados especiales.<br \/>\nLas actividades protocolares iniciaron con el izamiento de banderas y ofrendas florales en memoria de Juan Francisco Borges y Juan Felipe Ibarra.<br \/>\nEn la oportunidad, representantes de la Compa\u00f1\u00eda de Arte Nativo brindaron un breve espect\u00e1culo de malambo.<br \/>\nEn la ceremonia formal el padre Luis Cruz realiz\u00f3 la invocaci\u00f3n religiosa y luego el director de Patrimonio Cultural de la provincia, Alejandro Yocca brind\u00f3 palabras alusivas, donde reflexion\u00f3 sobre la importancia de la libertad y la autonom\u00eda en un contexto global complejo, \u00abque no respeta nuestros intereses ni nuestro sistema democr\u00e1tico\u00bb.<br \/>\nAl concluir asegur\u00f3: \u00abEste d\u00eda debe ser para recordar la historia de la autonom\u00eda de Santiago del Estero y la madurez de nuestros antepasados, destacando que hoy renovamos esos valores defendiendo un proyecto propio para el desarrollo de nuestra comunidad. Hay un plan y una visi\u00f3n local que debemos sostener y fortalecer\u00bb.<br \/>\nEn el cierre, se llev\u00f3 adelante la toma de promesa de lealtad a la Bandera de Santiago del Estero a los cadetes del cuarto a\u00f1o del Liceo Policial Coronel Juan Francisco Borges, por parte de la comisaria Candelaria \u00c1balos.<\/p>\n<p>Declaraciones del gobernador<\/p>\n<p>En di\u00e1logo con lo medios, el gobernador Su\u00e1rez expres\u00f3: \u00abEstoy contento por estar conmemorando el 206\u00b0 aniversario de nuestra autonom\u00eda, revalorizando conceptos que nos dejaron Borges e Ibarra, y de los cuales somos custodios todos los santiague\u00f1os. Un mensaje que nos interpela a todos porque nos marca el rumbo y ponemos todo nuestro esfuerzo, todo el pueblo de la provincia unido atr\u00e1s de un objetivo en com\u00fan, que Santiago del Estero sea verdaderamente una tierra de encuentro, de paz, de trabajo, aportando todo a una identidad propia, una identidad nacional que de la cual hoy nos sentimos muy orgullosos\u00bb.<br \/>\nContinu\u00f3 y sostuvo que es \u00abuna jornada en un contexto nacional adverso, pero Santiago siempre tratando de marcar la diferencia y ha puesto todo lo que est\u00e9 a su alcance para poder superar los momentos dif\u00edciles que nos toca atravesar\u00bb.<br \/>\nAl finalizar se refiri\u00f3 al mensaje anual. \u00abHoy me corresponde dar el mensaje de la marcha y acci\u00f3n de gobierno, y lo vamos a hacer, tratando de explicarle a toda la gente lo que venimos haciendo y lo que nos proponemos hacer\u00bb, dijo.<\/p>\n<p>&nbsp;<\/p>\n","protected":false},"excerpt":{"rendered":"<p>El gobernador El\u00edas Su\u00e1rez presidi\u00f3 este lunes por la ma\u00f1ana el acto central por el 206\u00b0 Aniversario de la Autonom\u00eda Provincial, desarrollado en inmediaciones del Parque Aguirre de la ciudad Capital. Acompa\u00f1aron al mandatario el vicegobernador Carlos Silva Neder; el senador Gerardo Zamora; el jefe de Gabinete, V\u00edctor Araujo; la intendente de la Capital, Norma Fuentes; ministros, representantes del Poder Judicial, legisladores, miembros de las Fuerzas Armadas e invitados especiales. Las actividades protocolares iniciaron con el izamiento de banderas y ofrendas florales en memoria de Juan Francisco Borges y Juan&hellip;<\/p>\n","protected":false},"author":1,"featured_media":1403,"comment_status":"open","ping_status":"open","sticky":false,"template":"","format":"standard","meta":{"footnotes":""},"categories":[2],"tags":[],"class_list":["post-1402","post","type-post","status-publish","format-standard","has-post-thumbnail","hentry","category-locales"],"rttpg_featured_image_url":{"full":["https:\/\/santiagoinformaweb.com.ar\/index\/wp-content\/uploads\/2026\/04\/acto_auto.jpeg",1000,666,false],"landscape":["https:\/\/santiagoinformaweb.com.ar\/index\/wp-content\/uploads\/2026\/04\/acto_auto.jpeg",1000,666,false],"portraits":["https:\/\/santiagoinformaweb.com.ar\/index\/wp-content\/uploads\/2026\/04\/acto_auto.jpeg",1000,666,false],"thumbnail":["https:\/\/santiagoinformaweb.com.ar\/index\/wp-content\/uploads\/2026\/04\/acto_auto-150x150.jpeg",150,150,true],"medium":["https:\/\/santiagoinformaweb.com.ar\/index\/wp-content\/uploads\/2026\/04\/acto_auto-300x200.jpeg",300,200,true],"large":["https:\/\/santiagoinformaweb.com.ar\/index\/wp-content\/uploads\/2026\/04\/acto_auto.jpeg",640,426,false],"1536x1536":["https:\/\/santiagoinformaweb.com.ar\/index\/wp-content\/uploads\/2026\/04\/acto_auto.jpeg",1000,666,false],"2048x2048":["https:\/\/santiagoinformaweb.com.ar\/index\/wp-content\/uploads\/2026\/04\/acto_auto.jpeg",1000,666,false],"post-thumbnail":["https:\/\/santiagoinformaweb.com.ar\/index\/wp-content\/uploads\/2026\/04\/acto_auto-240x172.jpeg",240,172,true],"psacp-medium":["https:\/\/santiagoinformaweb.com.ar\/index\/wp-content\/uploads\/2026\/04\/acto_auto-500x500.jpeg",500,500,true]},"rttpg_author":{"display_name":"rober","author_link":"https:\/\/santiagoinformaweb.com.ar\/index\/author\/rober\/"},"rttpg_comment":0,"rttpg_category":"<a href=\"https:\/\/santiagoinformaweb.com.ar\/index\/category\/locales\/\" rel=\"category tag\">LOCALES<\/a>","rttpg_excerpt":"El gobernador El\u00edas Su\u00e1rez presidi\u00f3 este lunes por la ma\u00f1ana el acto central por el 206\u00b0 Aniversario de la Autonom\u00eda Provincial, desarrollado en inmediaciones del Parque Aguirre de la ciudad Capital. Acompa\u00f1aron al mandatario el vicegobernador Carlos Silva Neder; el senador Gerardo Zamora; el jefe de Gabinete, V\u00edctor Araujo; la intendente de la Capital, Norma&hellip;","_links":{"self":[{"href":"https:\/\/santiagoinformaweb.com.ar\/index\/wp-json\/wp\/v2\/posts\/1402","targetHints":{"allow":["GET"]}}],"collection":[{"href":"https:\/\/santiagoinformaweb.com.ar\/index\/wp-json\/wp\/v2\/posts"}],"about":[{"href":"https:\/\/santiagoinformaweb.com.ar\/index\/wp-json\/wp\/v2\/types\/post"}],"author":[{"embeddable":true,"href":"https:\/\/santiagoinformaweb.com.ar\/index\/wp-json\/wp\/v2\/users\/1"}],"replies":[{"embeddable":true,"href":"https:\/\/santiagoinformaweb.com.ar\/index\/wp-json\/wp\/v2\/comments?post=1402"}],"version-history":[{"count":1,"href":"https:\/\/santiagoinformaweb.com.ar\/index\/wp-json\/wp\/v2\/posts\/1402\/revisions"}],"predecessor-version":[{"id":1404,"href":"https:\/\/santiagoinformaweb.com.ar\/index\/wp-json\/wp\/v2\/posts\/1402\/revisions\/1404"}],"wp:featuredmedia":[{"embeddable":true,"href":"https:\/\/santiagoinformaweb.com.ar\/index\/wp-json\/wp\/v2\/media\/1403"}],"wp:attachment":[{"href":"https:\/\/santiagoinformaweb.com.ar\/index\/wp-json\/wp\/v2\/media?parent=1402"}],"wp:term":[{"taxonomy":"category","embeddable":true,"href":"https:\/\/santiagoinformaweb.com.ar\/index\/wp-json\/wp\/v2\/categories?post=1402"},{"taxonomy":"post_tag","embeddable":true,"href":"https:\/\/santiagoinformaweb.com.ar\/index\/wp-json\/wp\/v2\/tags?post=1402"}],"curies":[{"name":"wp","href":"https:\/\/api.w.org\/{rel}","templated":true}]}}