{"id":1405,"date":"2026-04-27T20:07:48","date_gmt":"2026-04-27T20:07:48","guid":{"rendered":"https:\/\/santiagoinformaweb.com.ar\/index\/?p=1405"},"modified":"2026-04-27T20:07:48","modified_gmt":"2026-04-27T20:07:48","slug":"suarez-santiago-supo-levantarse-y-cuidar-lo-construido","status":"publish","type":"post","link":"https:\/\/santiagoinformaweb.com.ar\/index\/2026\/04\/27\/suarez-santiago-supo-levantarse-y-cuidar-lo-construido\/","title":{"rendered":"Su\u00e1rez: \u00abSantiago supo levantarse y cuidar lo construido\u00bb"},"content":{"rendered":"<p>El gobernador El\u00edas Su\u00e1rez ofreci\u00f3 este lunes el primer mensaje anual de su gesti\u00f3n ante los representantes de la Legislatura Provincial, en el marco del 206\u00b0 Aniversario de la Autonom\u00eda Provincial y con una gran cantidad de vecinos y representantes de distintos sectores de la sociedad santiague\u00f1a que se congreg\u00f3 en las inmediaciones de la C\u00e1mara de Diputados para acompa\u00f1ar al mandatario en su discurso.<br \/>\nEn su esperado mensaje, Su\u00e1rez ratific\u00f3 su compromiso con el desarrollo de Santiago del Estero y expres\u00f3 su satisfacci\u00f3n por haber cumplido en estos 137 d\u00edas de gesti\u00f3n con los objetivos propuestos, tales como mantener el crecimiento sostenido y el orden de las finanzas mediante una administraci\u00f3n seria y responsable.<br \/>\nEn este sentido, detall\u00f3 los pasos concretos con prioridades definidas como el lanzamiento del programa de capacitaci\u00f3n laboral \u201cSantiago crece con vos\u201d, que ya cuenta con 4.200 j\u00f3venes ya se est\u00e1n formando en distintas especialidades.<br \/>\nTambi\u00e9n mencion\u00f3 la creaci\u00f3n de las primeras 12 agencias de Desarrollo Territorial distribuidas en distintos puntos de la provincia con tecnolog\u00eda, movilidad y conectividad para fortalecer el desarrollo productivo.<br \/>\nDestac\u00f3 la puesta en marcha del Consejo Econ\u00f3mico y Social con la participaci\u00f3n del sector p\u00fablico, privado, las universidades, la sociedad civil, los trabajadores, profesionales y el poder Legislativo.<br \/>\nTambi\u00e9n se garantiz\u00f3 el normal funcionamiento de los servicios indelegables del Estado, mediante un plan de gobierno con nuevas obras en educaci\u00f3n, salud y seguridad, acompa\u00f1ando a los j\u00f3venes y sectores productivos.<br \/>\nEn este punto cit\u00f3 el plan de infraestructura en 47 establecimientos educativos, con refacciones, ampliaciones y nuevas obras. Tambi\u00e9n las obras h\u00eddricas como la ampliaci\u00f3n del Canal de la Patria, la optimizaci\u00f3n integral del sistema de riego del r\u00edo Dulce, nuevos sistemas de agua potable con plantas potabilizadoras, redes de agua y sistemas de bombeo en distintos lugares del interior para asistir con este vital l\u00edquido a miles de pobladores.<br \/>\nEn materia vial mencion\u00f3 la pavimentaci\u00f3n de las rutas 21 y 211, la repavimentaci\u00f3n de ruta 1 y la construcci\u00f3n de la autov\u00eda en la ruta 9 que une la Capital y Las Termas. Adem\u00e1s de la nueva terminal termense, la construcci\u00f3n de una costanera del Dulce en La Banda, obras de conectividad en el Salado y otras en el departamento Pellegrini.<br \/>\nEn cuanto a las obras de infraestructura habitacional, dijo que actualmente est\u00e1n finalizadas y pr\u00f3ximas a entregarse un total de 2.385 viviendas y otras 2.370 en ejecuci\u00f3n.<br \/>\nSu\u00e1rez tambi\u00e9n ratific\u00f3 la educaci\u00f3n como prioridad en su agenda con el objetivo de fortalecer la educaci\u00f3n territorial, equitativa y de calidad, mediante la creaci\u00f3n de las nuevas pautas para la cobertura de cargos de base, con prioridad para aspirantes sin cargos docentes ni administrativos y sin horas c\u00e1tedras, con domicilio en la localidad en la que est\u00e1 radicada la instituci\u00f3n oferente o en su zona de cercan\u00eda.<br \/>\nEsta medida ya se ha visto reflejada en la cobertura de 250 cargos de base y 468 horas c\u00e1tedra titulares y suplentes de todos los niveles y modalidades; impactando en instituciones educativas ubicadas en 93 localidades.<br \/>\nLa segunda medida que hace a la transformaci\u00f3n del sistema educativo, consiste en el llamado a Concurso de Oposici\u00f3n de cargos de director y vicedirector en car\u00e1cter de titular, buscando l\u00edderes preparados para los desaf\u00edos actuales y que conozcan de cerca las necesidades de su comunidad.<br \/>\nEs por ello que el Consejo General de Educaci\u00f3n ha formulado las bases del concurso de t\u00edtulos, antecedentes y oposici\u00f3n para los niveles Inicial, Primario y Secundario. Previ\u00e9ndose en una segunda etapa las bases y convocatoria a concurso para las Escuelas T\u00e9cnicas y Agrot\u00e9cnicas del Nivel Secundario y para los Niveles Superior y Modalidades Educativas.<br \/>\nA los fines del concurso, se han organizado 8 regiones que incluyen departamentos de cercan\u00eda, para el ofrecimiento de los cargos vacantes. \u00abPara postularse ser\u00e1 obligatorio vivir en la zona, ya que queremos directores con ra\u00edces, que entiendan la realidad de sus alumnos y el contexto local\u00bb, explic\u00f3 Su\u00e1rez.<br \/>\nSe ha definido una mayor exigencia en el requisito de antig\u00fcedad de los postulantes y solo se tendr\u00e1 en cuenta la antig\u00fcedad en las escuelas p\u00fablicas de Santiago del Estero. De esta forma, se busca jerarquizar la carrera de quienes han dedicado su vida a nuestro sistema educativo p\u00fablico provincial y una mejor acreditaci\u00f3n de servicios al momento de finalizar su trayectoria docente.<br \/>\nAgreg\u00f3: \u201cA partir del mes de junio, comenzaremos con los concursos para cubrir 312 cargos vacantes en los niveles Inicial, Primario y Secundario. Los mismos est\u00e1n estructurados de la siguiente forma: una Capacitaci\u00f3n Previa obligatoria antes de rendir el examen para actualizarse en pedagog\u00eda y administraci\u00f3n, organizada por el Consejo General de Educaci\u00f3n junto con la Universidad Nacional de Santiago del Estero. Destaco que la participaci\u00f3n en la capacitaci\u00f3n y la aprobaci\u00f3n del examen escrito otorgar\u00e1 puntaje al concursante, incrementando sus antecedentes docentes en Junta para el pr\u00f3ximo listado de orden de m\u00e9rito; un examen Te\u00f3rico-Pr\u00e1ctico con una prueba escrita sobre casos reales; un Proyecto de Gesti\u00f3n donde cada aspirante deber\u00e1 presentar un plan sobre c\u00f3mo mejorar\u00eda su escuela; y, un Examen Oral Final para la defensa del proyecto frente a un tribunal\u201d.<br \/>\nPor \u00faltimo, se prev\u00e9 una rev\u00e1lida a los cinco a\u00f1os a trav\u00e9s de un nuevo concurso de oposici\u00f3n por \u00fanica vez para confirmar la titularidad. \u201cEs necesario mantener actualizados a los docentes que dirigen las escuelas, ante los avances tecnol\u00f3gicos que cada vez son m\u00e1s r\u00e1pidos\u201d, dijo.<br \/>\nPor otra parte, destac\u00f3 las inversiones en los programas nutricionales que alcanzan a 220.754 estudiantes a trav\u00e9s de distintas l\u00edneas de acci\u00f3n nutricional para las diferentes modalidades, desde el nivel inicial hasta el secundario.<br \/>\nTambi\u00e9n garantiz\u00f3 la continuidad de los planes de alfabetizaci\u00f3n, el programa Metas Digitales; Escuela Escala Metas y Conociendo mi provincia, junto con el acompa\u00f1amiento al Instituto Tecnol\u00f3gico de Santiago del Estero (ITSE). En ese punto resalt\u00f3 el logro de la conectividad de internet del 100% de las instituciones educativas de la provincia, tanto en ciudades como en parajes remotos, acompa\u00f1ados con sistemas de energ\u00eda solar, llegando a un total de 1.511 edificios escolares.<\/p>\n<p>POL\u00cdTICA SALARIAL<\/p>\n<p>En materia salarial, el gobernador celebr\u00f3 el trabajo que lleva adelante en la Mesa de Di\u00e1logo y Trabajo, que dio lugar a los acuerdos como el aumento del 42,4% para los agentes de la administraci\u00f3n p\u00fablica desde febrero pasado, con un piso salarial de $ 1.130.000. Adem\u00e1s de la actualizaci\u00f3n de contratos de locaci\u00f3n de servicios, la ayuda por hijo y el pago de bonos.<br \/>\nEn ese sentido, anunci\u00f3 que al bono otorgado el pasado 20 de febrero -de $ 250.000- se sumar\u00e1 el pr\u00f3ximo 30 de abril un bono del D\u00eda del Trabajador de $ 600.000, ingreso que ser\u00e1 reforzado con el pago del sueldo de abril, que estar\u00e1 disponible el 28 y 29 de este mes.<br \/>\nAnunci\u00f3 adem\u00e1s el Bono Aguinaldo, de $ 1.200.000, que ser\u00e1 abonado en dos partes iguales, en junio y julio pr\u00f3ximos. Adem\u00e1s, ratific\u00f3 el Bono de Fin de A\u00f1o que se har\u00e1 efectivo en tres partes.<br \/>\nEn otro tramo de su discurso, Su\u00e1rez ratific\u00f3 la continuidad de los planes para el desarrollo en ciencia y tecnolog\u00eda a trav\u00e9s de diferentes l\u00edneas de trabajo, junto con las casas de altos estudios y organismos especializados en diferentes \u00e1reas.<br \/>\nEn cuanto al sistema sanitario provincial, el remarc\u00f3 que \u201cinvertir en salud es invertir en dignidad, en equidad y en calidad de vida para todos los santiague\u00f1os\u201d. Con esa premisa cit\u00f3 las numeras obras ejecutadas, como nuevos hospitales y postas sanitarias, adem\u00e1s de la incorporaci\u00f3n de camas, equipamiento y profesionales en todas las \u00e1reas.<br \/>\nEn materia de seguridad mencion\u00f3 la incorporaci\u00f3n permanente de efectivos para engrosar las filas de la Polic\u00eda de la provincia, junto con el desarrollo de tecnolog\u00eda y ciencia aplicada para la prevenci\u00f3n del delito en todo el territorio. Adem\u00e1s de equipamiento operativo y de infraestructura log\u00edstica necesaria para llevar tranquilidad a la poblaci\u00f3n.<br \/>\nTambi\u00e9n se refiri\u00f3 a la consolidaci\u00f3n de un modelo basado en las nuevas tecnolog\u00edas para fortalecer la capacidad del Estado para garantizar derechos, mejorar la calidad de los servicios p\u00fablicos y responder con mayor eficacia a las demandas sociales.<br \/>\nEn otro tramo, el gobernador destac\u00f3 los logros en materia productiva dentro de un panorama complejo a nivel nacional. \u201cHemos sostenido una pol\u00edtica basada en la planificaci\u00f3n, la inversi\u00f3n y la presencia activa del Estado en todo el territorio\u201d, dijo, para luego detallar lo conseguido en cada \u00e1rea.<br \/>\nLuego dio precisiones sobre el acompa\u00f1amiento al desarrollo tur\u00edstico a trav\u00e9s del deporte y la cultura, como factores fundamentales que suman al crecimiento de la econom\u00eda local y la inclusi\u00f3n social.<br \/>\nAl finalizar, el gobernador El\u00edas Su\u00e1rez expres\u00f3: \u201cVenimos a reafirmar un rumbo que tiene que ver con el trabajo, con la producci\u00f3n, con la educaci\u00f3n, con la seguridad, con la salud y con la presencia eficiente del Estado. Ese rumbo no lo construye un gobierno solo. Lo construimos entre todos\u201d.<br \/>\n\u201cPor eso \u2013agreg\u00f3- m\u00e1s que una convocatoria formal, quiero dejar un compromiso compartido: seguir dialogando, seguir escuchando, seguir encontrando puntos de acuerdo, a\u00fan en las diferencias. Porque cuando hay un objetivo com\u00fan, las diferencias no nos dividen, por el contrario, nos ordenan y fortalecen. Tenemos por delante una etapa que va a exigir responsabilidad, y tambi\u00e9n confianza en lo que somos capaces de hacer cuando trabajamos juntos\u201d.<br \/>\nEn el cierre de su mensaje, Su\u00e1rez reafirm\u00f3 su compromiso con el \u201cmanejo apropiado y eficiente de los recursos de la provincia, con m\u00e1s control, con decisiones firmes y con una profunda vocaci\u00f3n de servicio\u201d.<br \/>\n\u201cVoy a seguir trabajando con la misma convicci\u00f3n, responsabilidad y siempre junto al pueblo\u201d, sentenci\u00f3.<\/p>\n<p>&nbsp;<\/p>\n","protected":false},"excerpt":{"rendered":"<p>El gobernador El\u00edas Su\u00e1rez ofreci\u00f3 este lunes el primer mensaje anual de su gesti\u00f3n ante los representantes de la Legislatura Provincial, en el marco del 206\u00b0 Aniversario de la Autonom\u00eda Provincial y con una gran cantidad de vecinos y representantes de distintos sectores de la sociedad santiague\u00f1a que se congreg\u00f3 en las inmediaciones de la C\u00e1mara de Diputados para acompa\u00f1ar al mandatario en su discurso. En su esperado mensaje, Su\u00e1rez ratific\u00f3 su compromiso con el desarrollo de Santiago del Estero y expres\u00f3 su satisfacci\u00f3n por haber cumplido en estos 137&hellip;<\/p>\n","protected":false},"author":1,"featured_media":1406,"comment_status":"open","ping_status":"open","sticky":false,"template":"","format":"standard","meta":{"footnotes":""},"categories":[2],"tags":[],"class_list":["post-1405","post","type-post","status-publish","format-standard","has-post-thumbnail","hentry","category-locales"],"rttpg_featured_image_url":{"full":["https:\/\/santiagoinformaweb.com.ar\/index\/wp-content\/uploads\/2026\/04\/aper_suarez.jpeg",765,455,false],"landscape":["https:\/\/santiagoinformaweb.com.ar\/index\/wp-content\/uploads\/2026\/04\/aper_suarez.jpeg",765,455,false],"portraits":["https:\/\/santiagoinformaweb.com.ar\/index\/wp-content\/uploads\/2026\/04\/aper_suarez.jpeg",765,455,false],"thumbnail":["https:\/\/santiagoinformaweb.com.ar\/index\/wp-content\/uploads\/2026\/04\/aper_suarez-150x150.jpeg",150,150,true],"medium":["https:\/\/santiagoinformaweb.com.ar\/index\/wp-content\/uploads\/2026\/04\/aper_suarez-300x178.jpeg",300,178,true],"large":["https:\/\/santiagoinformaweb.com.ar\/index\/wp-content\/uploads\/2026\/04\/aper_suarez.jpeg",640,381,false],"1536x1536":["https:\/\/santiagoinformaweb.com.ar\/index\/wp-content\/uploads\/2026\/04\/aper_suarez.jpeg",765,455,false],"2048x2048":["https:\/\/santiagoinformaweb.com.ar\/index\/wp-content\/uploads\/2026\/04\/aper_suarez.jpeg",765,455,false],"post-thumbnail":["https:\/\/santiagoinformaweb.com.ar\/index\/wp-content\/uploads\/2026\/04\/aper_suarez-240x172.jpeg",240,172,true],"psacp-medium":["https:\/\/santiagoinformaweb.com.ar\/index\/wp-content\/uploads\/2026\/04\/aper_suarez-500x455.jpeg",500,455,true]},"rttpg_author":{"display_name":"rober","author_link":"https:\/\/santiagoinformaweb.com.ar\/index\/author\/rober\/"},"rttpg_comment":0,"rttpg_category":"<a href=\"https:\/\/santiagoinformaweb.com.ar\/index\/category\/locales\/\" rel=\"category tag\">LOCALES<\/a>","rttpg_excerpt":"El gobernador El\u00edas Su\u00e1rez ofreci\u00f3 este lunes el primer mensaje anual de su gesti\u00f3n ante los representantes de la Legislatura Provincial, en el marco del 206\u00b0 Aniversario de la Autonom\u00eda Provincial y con una gran cantidad de vecinos y representantes de distintos sectores de la sociedad santiague\u00f1a que se congreg\u00f3 en las inmediaciones de la&hellip;","_links":{"self":[{"href":"https:\/\/santiagoinformaweb.com.ar\/index\/wp-json\/wp\/v2\/posts\/1405","targetHints":{"allow":["GET"]}}],"collection":[{"href":"https:\/\/santiagoinformaweb.com.ar\/index\/wp-json\/wp\/v2\/posts"}],"about":[{"href":"https:\/\/santiagoinformaweb.com.ar\/index\/wp-json\/wp\/v2\/types\/post"}],"author":[{"embeddable":true,"href":"https:\/\/santiagoinformaweb.com.ar\/index\/wp-json\/wp\/v2\/users\/1"}],"replies":[{"embeddable":true,"href":"https:\/\/santiagoinformaweb.com.ar\/index\/wp-json\/wp\/v2\/comments?post=1405"}],"version-history":[{"count":1,"href":"https:\/\/santiagoinformaweb.com.ar\/index\/wp-json\/wp\/v2\/posts\/1405\/revisions"}],"predecessor-version":[{"id":1407,"href":"https:\/\/santiagoinformaweb.com.ar\/index\/wp-json\/wp\/v2\/posts\/1405\/revisions\/1407"}],"wp:featuredmedia":[{"embeddable":true,"href":"https:\/\/santiagoinformaweb.com.ar\/index\/wp-json\/wp\/v2\/media\/1406"}],"wp:attachment":[{"href":"https:\/\/santiagoinformaweb.com.ar\/index\/wp-json\/wp\/v2\/media?parent=1405"}],"wp:term":[{"taxonomy":"category","embeddable":true,"href":"https:\/\/santiagoinformaweb.com.ar\/index\/wp-json\/wp\/v2\/categories?post=1405"},{"taxonomy":"post_tag","embeddable":true,"href":"https:\/\/santiagoinformaweb.com.ar\/index\/wp-json\/wp\/v2\/tags?post=1405"}],"curies":[{"name":"wp","href":"https:\/\/api.w.org\/{rel}","templated":true}]}}