{"id":1408,"date":"2026-04-28T19:16:45","date_gmt":"2026-04-28T19:16:45","guid":{"rendered":"https:\/\/santiagoinformaweb.com.ar\/index\/?p=1408"},"modified":"2026-04-28T19:16:45","modified_gmt":"2026-04-28T19:16:45","slug":"el-gobernador-elias-suarez-recibio-en-casa-de-gobierno-al-dr-agustin-salvia","status":"publish","type":"post","link":"https:\/\/santiagoinformaweb.com.ar\/index\/2026\/04\/28\/el-gobernador-elias-suarez-recibio-en-casa-de-gobierno-al-dr-agustin-salvia\/","title":{"rendered":"EL GOBERNADOR EL\u00cdAS SU\u00c1REZ RECIBI\u00d3 EN CASA DE GOBIERNO AL DR. AGUST\u00cdN SALVIA"},"content":{"rendered":"<p>El gobernador El\u00edas Su\u00e1rez recibi\u00f3 este martes en Casa de Gobierno la visita del investigador y director del Observatorio de la Deuda Social Argentina en la Universidad Cat\u00f3lica Argentina, Dr. Agust\u00edn Salvia.<br \/>\nParticiparon tambi\u00e9n el jefe de Gabinete, V\u00edctor Araujo, y el director de Gesti\u00f3n P\u00fablica, Ricardo Montenegro.<br \/>\nEl investigador mantuvo una charla amena con el mandatario provincial, oportunidad en la que destac\u00f3 el papel del Consejo Econ\u00f3mico y Social \u00abpara relevar, procesar y dar cauce a las demandas de los diversos actores de la sociedad, transformando reclamos aislados en una agenda de pol\u00edtica p\u00fablica con verdadera legitimidad como los objetivos de desarrollo a largo plazo\u201d.<br \/>\nResalt\u00f3 tambi\u00e9n la importancia que tiene el Consejo en materia de ordenamiento y dentro de una agenda p\u00fablica, en un contexto complejo para las provincias por los recortes de fondos por parte de la Naci\u00f3n.<br \/>\n\u201cSantiago del Estero es una de las m\u00e1s afectadas por esta situaci\u00f3n y en ese contexto, un Consejo Econ\u00f3mico y Social administra la coyuntura y al mismo tiempo piensa en el futuro. Entonces, esos desaf\u00edos tienen que llevarse adelante en una agenda de discusi\u00f3n con los actores econ\u00f3micos, los actores sociales y tambi\u00e9n con la participaci\u00f3n de las universidades, los sistemas t\u00e9cnicos profesionales como INTA, INTI, los centros profesionales, todos tienen algo para aportar\u201d, dijo.<\/p>\n","protected":false},"excerpt":{"rendered":"<p>El gobernador El\u00edas Su\u00e1rez recibi\u00f3 este martes en Casa de Gobierno la visita del investigador y director del Observatorio de la Deuda Social Argentina en la Universidad Cat\u00f3lica Argentina, Dr. Agust\u00edn Salvia. Participaron tambi\u00e9n el jefe de Gabinete, V\u00edctor Araujo, y el director de Gesti\u00f3n P\u00fablica, Ricardo Montenegro. El investigador mantuvo una charla amena con el mandatario provincial, oportunidad en la que destac\u00f3 el papel del Consejo Econ\u00f3mico y Social \u00abpara relevar, procesar y dar cauce a las demandas de los diversos actores de la sociedad, transformando reclamos aislados en&hellip;<\/p>\n","protected":false},"author":1,"featured_media":1409,"comment_status":"open","ping_status":"open","sticky":false,"template":"","format":"standard","meta":{"footnotes":""},"categories":[2],"tags":[],"class_list":["post-1408","post","type-post","status-publish","format-standard","has-post-thumbnail","hentry","category-locales"],"rttpg_featured_image_url":{"full":["https:\/\/santiagoinformaweb.com.ar\/index\/wp-content\/uploads\/2026\/04\/suarez_salvia.jpeg",885,590,false],"landscape":["https:\/\/santiagoinformaweb.com.ar\/index\/wp-content\/uploads\/2026\/04\/suarez_salvia.jpeg",885,590,false],"portraits":["https:\/\/santiagoinformaweb.com.ar\/index\/wp-content\/uploads\/2026\/04\/suarez_salvia.jpeg",885,590,false],"thumbnail":["https:\/\/santiagoinformaweb.com.ar\/index\/wp-content\/uploads\/2026\/04\/suarez_salvia-150x150.jpeg",150,150,true],"medium":["https:\/\/santiagoinformaweb.com.ar\/index\/wp-content\/uploads\/2026\/04\/suarez_salvia-300x200.jpeg",300,200,true],"large":["https:\/\/santiagoinformaweb.com.ar\/index\/wp-content\/uploads\/2026\/04\/suarez_salvia.jpeg",640,427,false],"1536x1536":["https:\/\/santiagoinformaweb.com.ar\/index\/wp-content\/uploads\/2026\/04\/suarez_salvia.jpeg",885,590,false],"2048x2048":["https:\/\/santiagoinformaweb.com.ar\/index\/wp-content\/uploads\/2026\/04\/suarez_salvia.jpeg",885,590,false],"post-thumbnail":["https:\/\/santiagoinformaweb.com.ar\/index\/wp-content\/uploads\/2026\/04\/suarez_salvia-240x172.jpeg",240,172,true],"psacp-medium":["https:\/\/santiagoinformaweb.com.ar\/index\/wp-content\/uploads\/2026\/04\/suarez_salvia-500x500.jpeg",500,500,true]},"rttpg_author":{"display_name":"rober","author_link":"https:\/\/santiagoinformaweb.com.ar\/index\/author\/rober\/"},"rttpg_comment":0,"rttpg_category":"<a href=\"https:\/\/santiagoinformaweb.com.ar\/index\/category\/locales\/\" rel=\"category tag\">LOCALES<\/a>","rttpg_excerpt":"El gobernador El\u00edas Su\u00e1rez recibi\u00f3 este martes en Casa de Gobierno la visita del investigador y director del Observatorio de la Deuda Social Argentina en la Universidad Cat\u00f3lica Argentina, Dr. Agust\u00edn Salvia. Participaron tambi\u00e9n el jefe de Gabinete, V\u00edctor Araujo, y el director de Gesti\u00f3n P\u00fablica, Ricardo Montenegro. El investigador mantuvo una charla amena con&hellip;","_links":{"self":[{"href":"https:\/\/santiagoinformaweb.com.ar\/index\/wp-json\/wp\/v2\/posts\/1408","targetHints":{"allow":["GET"]}}],"collection":[{"href":"https:\/\/santiagoinformaweb.com.ar\/index\/wp-json\/wp\/v2\/posts"}],"about":[{"href":"https:\/\/santiagoinformaweb.com.ar\/index\/wp-json\/wp\/v2\/types\/post"}],"author":[{"embeddable":true,"href":"https:\/\/santiagoinformaweb.com.ar\/index\/wp-json\/wp\/v2\/users\/1"}],"replies":[{"embeddable":true,"href":"https:\/\/santiagoinformaweb.com.ar\/index\/wp-json\/wp\/v2\/comments?post=1408"}],"version-history":[{"count":2,"href":"https:\/\/santiagoinformaweb.com.ar\/index\/wp-json\/wp\/v2\/posts\/1408\/revisions"}],"predecessor-version":[{"id":1411,"href":"https:\/\/santiagoinformaweb.com.ar\/index\/wp-json\/wp\/v2\/posts\/1408\/revisions\/1411"}],"wp:featuredmedia":[{"embeddable":true,"href":"https:\/\/santiagoinformaweb.com.ar\/index\/wp-json\/wp\/v2\/media\/1409"}],"wp:attachment":[{"href":"https:\/\/santiagoinformaweb.com.ar\/index\/wp-json\/wp\/v2\/media?parent=1408"}],"wp:term":[{"taxonomy":"category","embeddable":true,"href":"https:\/\/santiagoinformaweb.com.ar\/index\/wp-json\/wp\/v2\/categories?post=1408"},{"taxonomy":"post_tag","embeddable":true,"href":"https:\/\/santiagoinformaweb.com.ar\/index\/wp-json\/wp\/v2\/tags?post=1408"}],"curies":[{"name":"wp","href":"https:\/\/api.w.org\/{rel}","templated":true}]}}