{"id":1419,"date":"2026-04-28T19:22:26","date_gmt":"2026-04-28T19:22:26","guid":{"rendered":"https:\/\/santiagoinformaweb.com.ar\/index\/?p=1419"},"modified":"2026-04-28T19:22:26","modified_gmt":"2026-04-28T19:22:26","slug":"la-confianza-de-los-ciudadanos-en-el-gobierno-retrocedio-por-quinto-mes-consecutivo","status":"publish","type":"post","link":"https:\/\/santiagoinformaweb.com.ar\/index\/2026\/04\/28\/la-confianza-de-los-ciudadanos-en-el-gobierno-retrocedio-por-quinto-mes-consecutivo\/","title":{"rendered":"La confianza de los ciudadanos en el Gobierno retrocedi\u00f3 por quinto mes consecutivo"},"content":{"rendered":"<p>La confianza de los ciudadanos en el Gobierno sufri\u00f3 una brusca ca\u00edda en abril, con un descenso del 12,1%, lo que representa el quinto mes consecutivo de baja, seg\u00fan la medici\u00f3n que elabora mensualmente la Escuela de Gobierno de la Universidad Torcuato Di Tella.<\/p>\n<p>El \u00cdndice de Confianza en el Gobierno (ICG), con una escala que va de un m\u00ednimo de 0 a un m\u00e1ximo de cinco, viene marcando mes a mes una ca\u00edda desde diciembre 2025, seg\u00fan el informe de esa misma Universidad.<\/p>\n<p>El ICG de abril fue de 2,02 puntos, una marca que muestra una brusca disminuci\u00f3n de 12,1% respecto de marzo, y es un 2,1% menor que el de abril de 2018, durante el gobierno de Mauricio Macri, y 40,9% mayor que el de abril de 2022, durante la gesti\u00f3n de Alberto Fern\u00e1ndez.<\/p>\n<p>La ca\u00edda de la confianza en el Gobierno ya se hab\u00eda expresado en marzo cuando baj\u00f3 -2,30 puntos, un porcentaje que se suma a los retrocesos de febrero -0,6%, enero -2,8%, y diciembre -2,46.<\/p>\n<p>La \u00faltima vez que creci\u00f3 el ICG fue en noviembre 2025, un mes despu\u00e9s del triunfo electoral de La Libertad Avanza, cuando registr\u00f3 2,47 puntos, con un aumento del 17,5% respecto de octubre, aunque como comparaci\u00f3n, el trabajo indica que en ese mes era un 16,8% menor que el de noviembre de 2017, durante el gobierno de Mauricio Macri.<\/p>\n<p>El ICG tiene mide la evoluci\u00f3n de la opini\u00f3n p\u00fablica respecto de la labor que desarrolla el gobierno nacional, y est\u00e1 dise\u00f1ado para captar lo que los ciudadanos piensan, a partir de la estimaci\u00f3n de cinco dimensiones.<\/p>\n<p>Se trata de medir la imagen o evaluaci\u00f3n general del gobierno; la percepci\u00f3n sobre si se gobierna pensando en el bien general o en el de sectores particulares; la eficiencia en la administraci\u00f3n del gasto p\u00fablico; la honestidad de los miembros del Gobierno; y la capacidad para resolver los problemas del pa\u00eds.<\/p>\n<p>#AgenciaNA<\/p>\n","protected":false},"excerpt":{"rendered":"<p>La confianza de los ciudadanos en el Gobierno sufri\u00f3 una brusca ca\u00edda en abril, con un descenso del 12,1%, lo que representa el quinto mes consecutivo de baja, seg\u00fan la medici\u00f3n que elabora mensualmente la Escuela de Gobierno de la Universidad Torcuato Di Tella. El \u00cdndice de Confianza en el Gobierno (ICG), con una escala que va de un m\u00ednimo de 0 a un m\u00e1ximo de cinco, viene marcando mes a mes una ca\u00edda desde diciembre 2025, seg\u00fan el informe de esa misma Universidad. El ICG de abril fue de&hellip;<\/p>\n","protected":false},"author":1,"featured_media":1420,"comment_status":"open","ping_status":"open","sticky":false,"template":"","format":"standard","meta":{"footnotes":""},"categories":[3],"tags":[],"class_list":["post-1419","post","type-post","status-publish","format-standard","has-post-thumbnail","hentry","category-nacionales"],"rttpg_featured_image_url":{"full":["https:\/\/santiagoinformaweb.com.ar\/index\/wp-content\/uploads\/2026\/04\/confianza.webp",1081,720,false],"landscape":["https:\/\/santiagoinformaweb.com.ar\/index\/wp-content\/uploads\/2026\/04\/confianza.webp",1081,720,false],"portraits":["https:\/\/santiagoinformaweb.com.ar\/index\/wp-content\/uploads\/2026\/04\/confianza.webp",1081,720,false],"thumbnail":["https:\/\/santiagoinformaweb.com.ar\/index\/wp-content\/uploads\/2026\/04\/confianza-150x150.webp",150,150,true],"medium":["https:\/\/santiagoinformaweb.com.ar\/index\/wp-content\/uploads\/2026\/04\/confianza-300x200.webp",300,200,true],"large":["https:\/\/santiagoinformaweb.com.ar\/index\/wp-content\/uploads\/2026\/04\/confianza-1024x682.webp",640,426,true],"1536x1536":["https:\/\/santiagoinformaweb.com.ar\/index\/wp-content\/uploads\/2026\/04\/confianza.webp",1081,720,false],"2048x2048":["https:\/\/santiagoinformaweb.com.ar\/index\/wp-content\/uploads\/2026\/04\/confianza.webp",1081,720,false],"post-thumbnail":["https:\/\/santiagoinformaweb.com.ar\/index\/wp-content\/uploads\/2026\/04\/confianza-240x172.webp",240,172,true],"psacp-medium":["https:\/\/santiagoinformaweb.com.ar\/index\/wp-content\/uploads\/2026\/04\/confianza-500x500.webp",500,500,true]},"rttpg_author":{"display_name":"rober","author_link":"https:\/\/santiagoinformaweb.com.ar\/index\/author\/rober\/"},"rttpg_comment":0,"rttpg_category":"<a href=\"https:\/\/santiagoinformaweb.com.ar\/index\/category\/nacionales\/\" rel=\"category tag\">NACIONALES<\/a>","rttpg_excerpt":"La confianza de los ciudadanos en el Gobierno sufri\u00f3 una brusca ca\u00edda en abril, con un descenso del 12,1%, lo que representa el quinto mes consecutivo de baja, seg\u00fan la medici\u00f3n que elabora mensualmente la Escuela de Gobierno de la Universidad Torcuato Di Tella. El \u00cdndice de Confianza en el Gobierno (ICG), con una escala&hellip;","_links":{"self":[{"href":"https:\/\/santiagoinformaweb.com.ar\/index\/wp-json\/wp\/v2\/posts\/1419","targetHints":{"allow":["GET"]}}],"collection":[{"href":"https:\/\/santiagoinformaweb.com.ar\/index\/wp-json\/wp\/v2\/posts"}],"about":[{"href":"https:\/\/santiagoinformaweb.com.ar\/index\/wp-json\/wp\/v2\/types\/post"}],"author":[{"embeddable":true,"href":"https:\/\/santiagoinformaweb.com.ar\/index\/wp-json\/wp\/v2\/users\/1"}],"replies":[{"embeddable":true,"href":"https:\/\/santiagoinformaweb.com.ar\/index\/wp-json\/wp\/v2\/comments?post=1419"}],"version-history":[{"count":2,"href":"https:\/\/santiagoinformaweb.com.ar\/index\/wp-json\/wp\/v2\/posts\/1419\/revisions"}],"predecessor-version":[{"id":1422,"href":"https:\/\/santiagoinformaweb.com.ar\/index\/wp-json\/wp\/v2\/posts\/1419\/revisions\/1422"}],"wp:featuredmedia":[{"embeddable":true,"href":"https:\/\/santiagoinformaweb.com.ar\/index\/wp-json\/wp\/v2\/media\/1420"}],"wp:attachment":[{"href":"https:\/\/santiagoinformaweb.com.ar\/index\/wp-json\/wp\/v2\/media?parent=1419"}],"wp:term":[{"taxonomy":"category","embeddable":true,"href":"https:\/\/santiagoinformaweb.com.ar\/index\/wp-json\/wp\/v2\/categories?post=1419"},{"taxonomy":"post_tag","embeddable":true,"href":"https:\/\/santiagoinformaweb.com.ar\/index\/wp-json\/wp\/v2\/tags?post=1419"}],"curies":[{"name":"wp","href":"https:\/\/api.w.org\/{rel}","templated":true}]}}