{"id":1436,"date":"2026-04-29T22:07:52","date_gmt":"2026-04-29T22:07:52","guid":{"rendered":"https:\/\/santiagoinformaweb.com.ar\/index\/?p=1436"},"modified":"2026-04-29T22:07:52","modified_gmt":"2026-04-29T22:07:52","slug":"estudiantes-de-loreto-y-anatuya-visitaron-casa-de-gobierno","status":"publish","type":"post","link":"https:\/\/santiagoinformaweb.com.ar\/index\/2026\/04\/29\/estudiantes-de-loreto-y-anatuya-visitaron-casa-de-gobierno\/","title":{"rendered":"ESTUDIANTES DE LORETO Y A\u00d1ATUYA VISITARON CASA DE GOBIERNO"},"content":{"rendered":"<p>El jefe de Gabinete de Ministros, V\u00edctor Araujo, recibi\u00f3 en Casa de Gobierno en representaci\u00f3n del gobernador El\u00edas Su\u00e1rez a estudiantes del Colegio \u201cVirgen de Loreto\u201d de la ciudad de Loreto, y del Instituto \u201cSan Alfonso de Ligorio\u201d de A\u00f1atuya, departamento Taboada.<br \/>\nEl encuentro se realiz\u00f3 en el Sal\u00f3n de Acuerdos donde las delegaciones estuvieron acompa\u00f1adas por docentes y el coordinador del programa \u201cConociendo mi provincia\u201d, Silvio Villalba, oportunidad en la que docentes y alumnos se\u00f1alaron que este viaje es una experiencia enriquecedora que favorece la uni\u00f3n entre distintas comunidades educativas y permite a los j\u00f3venes conocer m\u00e1s de cerca el funcionamiento de las instituciones de la provincia.<br \/>\nEste programa hace posible que estudiantes del interior que cursan el \u00faltimo a\u00f1o del secundario realicen un recorrido por la ciudad Capital, Las Termas de R\u00edo Hondo y Villa La Punta, en el cual podr\u00e1n conocer sitios hist\u00f3ricos, espacios culturales, tur\u00edsticos, deportivos e instituciones del Estado.<br \/>\nEn este contexto, el jefe de Gabinete, les transmiti\u00f3 el saludo del gobernador y destac\u00f3 las bondades del programa, porque adem\u00e1s de establecer nuevos lazos, tambi\u00e9n se constituye en una nueva forma de aprendizaje vivencial.<br \/>\n\u201cOjal\u00e1 que hayan disfrutado esta experiencia y que tambi\u00e9n les haya servido para aprender\u201d, dijo Araujo, para luego celebrar el perfil del programa dirigido especialmente a los chicos del interior sin ning\u00fan tipo de distinci\u00f3n.<\/p>\n<p>&nbsp;<\/p>\n","protected":false},"excerpt":{"rendered":"<p>El jefe de Gabinete de Ministros, V\u00edctor Araujo, recibi\u00f3 en Casa de Gobierno en representaci\u00f3n del gobernador El\u00edas Su\u00e1rez a estudiantes del Colegio \u201cVirgen de Loreto\u201d de la ciudad de Loreto, y del Instituto \u201cSan Alfonso de Ligorio\u201d de A\u00f1atuya, departamento Taboada. El encuentro se realiz\u00f3 en el Sal\u00f3n de Acuerdos donde las delegaciones estuvieron acompa\u00f1adas por docentes y el coordinador del programa \u201cConociendo mi provincia\u201d, Silvio Villalba, oportunidad en la que docentes y alumnos se\u00f1alaron que este viaje es una experiencia enriquecedora que favorece la uni\u00f3n entre distintas comunidades&hellip;<\/p>\n","protected":false},"author":1,"featured_media":1437,"comment_status":"open","ping_status":"open","sticky":false,"template":"","format":"standard","meta":{"footnotes":""},"categories":[2],"tags":[],"class_list":["post-1436","post","type-post","status-publish","format-standard","has-post-thumbnail","hentry","category-locales"],"rttpg_featured_image_url":{"full":["https:\/\/santiagoinformaweb.com.ar\/index\/wp-content\/uploads\/2026\/04\/visitas_inter.jpeg",1600,1064,false],"landscape":["https:\/\/santiagoinformaweb.com.ar\/index\/wp-content\/uploads\/2026\/04\/visitas_inter.jpeg",1600,1064,false],"portraits":["https:\/\/santiagoinformaweb.com.ar\/index\/wp-content\/uploads\/2026\/04\/visitas_inter.jpeg",1600,1064,false],"thumbnail":["https:\/\/santiagoinformaweb.com.ar\/index\/wp-content\/uploads\/2026\/04\/visitas_inter-150x150.jpeg",150,150,true],"medium":["https:\/\/santiagoinformaweb.com.ar\/index\/wp-content\/uploads\/2026\/04\/visitas_inter-300x200.jpeg",300,200,true],"large":["https:\/\/santiagoinformaweb.com.ar\/index\/wp-content\/uploads\/2026\/04\/visitas_inter-1024x681.jpeg",640,426,true],"1536x1536":["https:\/\/santiagoinformaweb.com.ar\/index\/wp-content\/uploads\/2026\/04\/visitas_inter-1536x1021.jpeg",1536,1021,true],"2048x2048":["https:\/\/santiagoinformaweb.com.ar\/index\/wp-content\/uploads\/2026\/04\/visitas_inter.jpeg",1600,1064,false],"post-thumbnail":["https:\/\/santiagoinformaweb.com.ar\/index\/wp-content\/uploads\/2026\/04\/visitas_inter-240x172.jpeg",240,172,true],"psacp-medium":["https:\/\/santiagoinformaweb.com.ar\/index\/wp-content\/uploads\/2026\/04\/visitas_inter-500x500.jpeg",500,500,true]},"rttpg_author":{"display_name":"rober","author_link":"https:\/\/santiagoinformaweb.com.ar\/index\/author\/rober\/"},"rttpg_comment":0,"rttpg_category":"<a href=\"https:\/\/santiagoinformaweb.com.ar\/index\/category\/locales\/\" rel=\"category tag\">LOCALES<\/a>","rttpg_excerpt":"El jefe de Gabinete de Ministros, V\u00edctor Araujo, recibi\u00f3 en Casa de Gobierno en representaci\u00f3n del gobernador El\u00edas Su\u00e1rez a estudiantes del Colegio \u201cVirgen de Loreto\u201d de la ciudad de Loreto, y del Instituto \u201cSan Alfonso de Ligorio\u201d de A\u00f1atuya, departamento Taboada. El encuentro se realiz\u00f3 en el Sal\u00f3n de Acuerdos donde las delegaciones estuvieron&hellip;","_links":{"self":[{"href":"https:\/\/santiagoinformaweb.com.ar\/index\/wp-json\/wp\/v2\/posts\/1436","targetHints":{"allow":["GET"]}}],"collection":[{"href":"https:\/\/santiagoinformaweb.com.ar\/index\/wp-json\/wp\/v2\/posts"}],"about":[{"href":"https:\/\/santiagoinformaweb.com.ar\/index\/wp-json\/wp\/v2\/types\/post"}],"author":[{"embeddable":true,"href":"https:\/\/santiagoinformaweb.com.ar\/index\/wp-json\/wp\/v2\/users\/1"}],"replies":[{"embeddable":true,"href":"https:\/\/santiagoinformaweb.com.ar\/index\/wp-json\/wp\/v2\/comments?post=1436"}],"version-history":[{"count":1,"href":"https:\/\/santiagoinformaweb.com.ar\/index\/wp-json\/wp\/v2\/posts\/1436\/revisions"}],"predecessor-version":[{"id":1438,"href":"https:\/\/santiagoinformaweb.com.ar\/index\/wp-json\/wp\/v2\/posts\/1436\/revisions\/1438"}],"wp:featuredmedia":[{"embeddable":true,"href":"https:\/\/santiagoinformaweb.com.ar\/index\/wp-json\/wp\/v2\/media\/1437"}],"wp:attachment":[{"href":"https:\/\/santiagoinformaweb.com.ar\/index\/wp-json\/wp\/v2\/media?parent=1436"}],"wp:term":[{"taxonomy":"category","embeddable":true,"href":"https:\/\/santiagoinformaweb.com.ar\/index\/wp-json\/wp\/v2\/categories?post=1436"},{"taxonomy":"post_tag","embeddable":true,"href":"https:\/\/santiagoinformaweb.com.ar\/index\/wp-json\/wp\/v2\/tags?post=1436"}],"curies":[{"name":"wp","href":"https:\/\/api.w.org\/{rel}","templated":true}]}}