{"id":1442,"date":"2026-04-29T22:10:34","date_gmt":"2026-04-29T22:10:34","guid":{"rendered":"https:\/\/santiagoinformaweb.com.ar\/index\/?p=1442"},"modified":"2026-04-29T22:10:34","modified_gmt":"2026-04-29T22:10:34","slug":"convenio-especifico-de-colaboracion-academica","status":"publish","type":"post","link":"https:\/\/santiagoinformaweb.com.ar\/index\/2026\/04\/29\/convenio-especifico-de-colaboracion-academica\/","title":{"rendered":"Convenio Espec\u00edfico de Colaboraci\u00f3n Acad\u00e9mica"},"content":{"rendered":"<p>El Ministerio de Educaci\u00f3n, Ciencia y Tecnolog\u00eda de la Provincia y la Universidad Nacional de Santiago del Estero (Universidad Nacional de Santiago del Estero) firmaron un Convenio Espec\u00edfico de Colaboraci\u00f3n Acad\u00e9mica que ampl\u00eda oportunidades de formaci\u00f3n para egresados y egresadas de la Tecnicatura Superior en Enfermer\u00eda.<\/p>\n<p>El acuerdo, rubricado por la ministra Dra. Mariela Nassif y el rector Lic. Marcelino Ledesma, permitir\u00e1 a t\u00e9cnicos superiores en Enfermer\u00eda de instituciones p\u00fablicas y privadas acceder al segundo ciclo de la Licenciatura en Enfermer\u00eda de la UNSE, fortaleciendo la profesionalizaci\u00f3n y jerarquizaci\u00f3n de la formaci\u00f3n en salud.<\/p>\n<p>Esta articulaci\u00f3n reafirma el compromiso de seguir ampliando oportunidades educativas y fortaleciendo la calidad de la formaci\u00f3n profesional en la provincia.<\/p>\n<p>&nbsp;<\/p>\n","protected":false},"excerpt":{"rendered":"<p>El Ministerio de Educaci\u00f3n, Ciencia y Tecnolog\u00eda de la Provincia y la Universidad Nacional de Santiago del Estero (Universidad Nacional de Santiago del Estero) firmaron un Convenio Espec\u00edfico de Colaboraci\u00f3n Acad\u00e9mica que ampl\u00eda oportunidades de formaci\u00f3n para egresados y egresadas de la Tecnicatura Superior en Enfermer\u00eda. El acuerdo, rubricado por la ministra Dra. Mariela Nassif y el rector Lic. Marcelino Ledesma, permitir\u00e1 a t\u00e9cnicos superiores en Enfermer\u00eda de instituciones p\u00fablicas y privadas acceder al segundo ciclo de la Licenciatura en Enfermer\u00eda de la UNSE, fortaleciendo la profesionalizaci\u00f3n y jerarquizaci\u00f3n de&hellip;<\/p>\n","protected":false},"author":1,"featured_media":1443,"comment_status":"open","ping_status":"open","sticky":false,"template":"","format":"standard","meta":{"footnotes":""},"categories":[2],"tags":[],"class_list":["post-1442","post","type-post","status-publish","format-standard","has-post-thumbnail","hentry","category-locales"],"rttpg_featured_image_url":{"full":["https:\/\/santiagoinformaweb.com.ar\/index\/wp-content\/uploads\/2026\/04\/convenio.jpeg",1599,1066,false],"landscape":["https:\/\/santiagoinformaweb.com.ar\/index\/wp-content\/uploads\/2026\/04\/convenio.jpeg",1599,1066,false],"portraits":["https:\/\/santiagoinformaweb.com.ar\/index\/wp-content\/uploads\/2026\/04\/convenio.jpeg",1599,1066,false],"thumbnail":["https:\/\/santiagoinformaweb.com.ar\/index\/wp-content\/uploads\/2026\/04\/convenio-150x150.jpeg",150,150,true],"medium":["https:\/\/santiagoinformaweb.com.ar\/index\/wp-content\/uploads\/2026\/04\/convenio-300x200.jpeg",300,200,true],"large":["https:\/\/santiagoinformaweb.com.ar\/index\/wp-content\/uploads\/2026\/04\/convenio-1024x683.jpeg",640,427,true],"1536x1536":["https:\/\/santiagoinformaweb.com.ar\/index\/wp-content\/uploads\/2026\/04\/convenio-1536x1024.jpeg",1536,1024,true],"2048x2048":["https:\/\/santiagoinformaweb.com.ar\/index\/wp-content\/uploads\/2026\/04\/convenio.jpeg",1599,1066,false],"post-thumbnail":["https:\/\/santiagoinformaweb.com.ar\/index\/wp-content\/uploads\/2026\/04\/convenio-240x172.jpeg",240,172,true],"psacp-medium":["https:\/\/santiagoinformaweb.com.ar\/index\/wp-content\/uploads\/2026\/04\/convenio-500x500.jpeg",500,500,true]},"rttpg_author":{"display_name":"rober","author_link":"https:\/\/santiagoinformaweb.com.ar\/index\/author\/rober\/"},"rttpg_comment":0,"rttpg_category":"<a href=\"https:\/\/santiagoinformaweb.com.ar\/index\/category\/locales\/\" rel=\"category tag\">LOCALES<\/a>","rttpg_excerpt":"El Ministerio de Educaci\u00f3n, Ciencia y Tecnolog\u00eda de la Provincia y la Universidad Nacional de Santiago del Estero (Universidad Nacional de Santiago del Estero) firmaron un Convenio Espec\u00edfico de Colaboraci\u00f3n Acad\u00e9mica que ampl\u00eda oportunidades de formaci\u00f3n para egresados y egresadas de la Tecnicatura Superior en Enfermer\u00eda. El acuerdo, rubricado por la ministra Dra. Mariela Nassif&hellip;","_links":{"self":[{"href":"https:\/\/santiagoinformaweb.com.ar\/index\/wp-json\/wp\/v2\/posts\/1442","targetHints":{"allow":["GET"]}}],"collection":[{"href":"https:\/\/santiagoinformaweb.com.ar\/index\/wp-json\/wp\/v2\/posts"}],"about":[{"href":"https:\/\/santiagoinformaweb.com.ar\/index\/wp-json\/wp\/v2\/types\/post"}],"author":[{"embeddable":true,"href":"https:\/\/santiagoinformaweb.com.ar\/index\/wp-json\/wp\/v2\/users\/1"}],"replies":[{"embeddable":true,"href":"https:\/\/santiagoinformaweb.com.ar\/index\/wp-json\/wp\/v2\/comments?post=1442"}],"version-history":[{"count":1,"href":"https:\/\/santiagoinformaweb.com.ar\/index\/wp-json\/wp\/v2\/posts\/1442\/revisions"}],"predecessor-version":[{"id":1444,"href":"https:\/\/santiagoinformaweb.com.ar\/index\/wp-json\/wp\/v2\/posts\/1442\/revisions\/1444"}],"wp:featuredmedia":[{"embeddable":true,"href":"https:\/\/santiagoinformaweb.com.ar\/index\/wp-json\/wp\/v2\/media\/1443"}],"wp:attachment":[{"href":"https:\/\/santiagoinformaweb.com.ar\/index\/wp-json\/wp\/v2\/media?parent=1442"}],"wp:term":[{"taxonomy":"category","embeddable":true,"href":"https:\/\/santiagoinformaweb.com.ar\/index\/wp-json\/wp\/v2\/categories?post=1442"},{"taxonomy":"post_tag","embeddable":true,"href":"https:\/\/santiagoinformaweb.com.ar\/index\/wp-json\/wp\/v2\/tags?post=1442"}],"curies":[{"name":"wp","href":"https:\/\/api.w.org\/{rel}","templated":true}]}}