{"id":1449,"date":"2026-04-30T22:37:24","date_gmt":"2026-04-30T22:37:24","guid":{"rendered":"https:\/\/santiagoinformaweb.com.ar\/index\/?p=1449"},"modified":"2026-04-30T22:37:24","modified_gmt":"2026-04-30T22:37:24","slug":"la-intendente-fuentes-encabezo-otra-jornada-ambiental-de-ecoaccion-en-el-barrio-colon","status":"publish","type":"post","link":"https:\/\/santiagoinformaweb.com.ar\/index\/2026\/04\/30\/la-intendente-fuentes-encabezo-otra-jornada-ambiental-de-ecoaccion-en-el-barrio-colon\/","title":{"rendered":"La intendente Fuentes encabez\u00f3 otra jornada ambiental de EcoAcci\u00f3n en el barrio Col\u00f3n"},"content":{"rendered":"<p>La intendente, Ing. Norma Fuentes, junto al ministro de la Producci\u00f3n, N\u00e9stor Machado, encabez\u00f3 una nueva jornada de EcoAcci\u00f3n en el barrio Col\u00f3n, orientada a la erradicaci\u00f3n de mini basurales y a la promoci\u00f3n de pr\u00e1cticas responsables con el medio ambiente.<br \/>\nDe la actividad tambi\u00e9n formaron parte los secretarios de Coordinaci\u00f3n de Gabinete, Mario Benavente; de Planeamiento, Obras y Servicios P\u00fablicos, Rosa Allalla, y de Gobierno, Walter Medina Salom\u00f3n; y el subsecretario de Ambiente de la Provincia, Pablo Fuentes.<br \/>\nEquipos municipales y provinciales junto a instituciones educativas, sanitarias y vecinos, trabajaron de manera conjunta en la limpieza y recuperaci\u00f3n de la esquina de Ad\u00e1n Rodini y Comandante C\u00f3rdoba, ocupada por la acumulaci\u00f3n indebida de residuos.<br \/>\nEstas acciones tienen por objetivo generar conciencia sobre la importancia de no arrojar desechos en la v\u00eda p\u00fablica y utilizar los servicios de recolecci\u00f3n correspondientes.<br \/>\n\u00abCon esta iniciativa se busca llegar a cada barrio para fusionar el cuidado del entorno urbano con la salud, entendiendo que las transformaciones verdaderas solo son posibles con la participaci\u00f3n activa de los vecinos\u00bb, afirm\u00f3 la jefa comunal.<br \/>\n\u00abDebemos aprender a respetar el trabajo de los recolectores ya que, al hacerlo, estamos cuidando a toda la comunidad y siendo m\u00e1s responsables y emp\u00e1ticos con nuestro entorno\u00bb, se\u00f1al\u00f3.<br \/>\nPor su parte, el ministro Machado, resalt\u00f3 que \u00abgracias a la articulaci\u00f3n entre los gobiernos provincial y municipal y la colaboraci\u00f3n de los ciudadanos, se pueden reducir los focos de basura en cada barrio y mejorar la calidad de vida de todos\u00bb.<br \/>\nDurante la jornada, tambi\u00e9n se hicieron murales alusivos y se plantaron \u00e1rboles, con la participaci\u00f3n de agentes del CAPS Francisco de Aguirre y la UPA Jorge Newbery, alumnos y docentes de la Escuela de Bellas Artes, madres de la SUBNAF y miembros de NEXO, bajo la coordinaci\u00f3n de la Direcci\u00f3n de la Juventud y la Subsecretar\u00eda de Medio Ambiente.<\/p>\n","protected":false},"excerpt":{"rendered":"<p>La intendente, Ing. Norma Fuentes, junto al ministro de la Producci\u00f3n, N\u00e9stor Machado, encabez\u00f3 una nueva jornada de EcoAcci\u00f3n en el barrio Col\u00f3n, orientada a la erradicaci\u00f3n de mini basurales y a la promoci\u00f3n de pr\u00e1cticas responsables con el medio ambiente. De la actividad tambi\u00e9n formaron parte los secretarios de Coordinaci\u00f3n de Gabinete, Mario Benavente; de Planeamiento, Obras y Servicios P\u00fablicos, Rosa Allalla, y de Gobierno, Walter Medina Salom\u00f3n; y el subsecretario de Ambiente de la Provincia, Pablo Fuentes. Equipos municipales y provinciales junto a instituciones educativas, sanitarias y vecinos,&hellip;<\/p>\n","protected":false},"author":1,"featured_media":1450,"comment_status":"open","ping_status":"open","sticky":false,"template":"","format":"standard","meta":{"footnotes":""},"categories":[2],"tags":[],"class_list":["post-1449","post","type-post","status-publish","format-standard","has-post-thumbnail","hentry","category-locales"],"rttpg_featured_image_url":{"full":["https:\/\/santiagoinformaweb.com.ar\/index\/wp-content\/uploads\/2026\/04\/jornada-de-Ecoaccion.jpeg",1280,853,false],"landscape":["https:\/\/santiagoinformaweb.com.ar\/index\/wp-content\/uploads\/2026\/04\/jornada-de-Ecoaccion.jpeg",1280,853,false],"portraits":["https:\/\/santiagoinformaweb.com.ar\/index\/wp-content\/uploads\/2026\/04\/jornada-de-Ecoaccion.jpeg",1280,853,false],"thumbnail":["https:\/\/santiagoinformaweb.com.ar\/index\/wp-content\/uploads\/2026\/04\/jornada-de-Ecoaccion-150x150.jpeg",150,150,true],"medium":["https:\/\/santiagoinformaweb.com.ar\/index\/wp-content\/uploads\/2026\/04\/jornada-de-Ecoaccion-300x200.jpeg",300,200,true],"large":["https:\/\/santiagoinformaweb.com.ar\/index\/wp-content\/uploads\/2026\/04\/jornada-de-Ecoaccion-1024x682.jpeg",640,426,true],"1536x1536":["https:\/\/santiagoinformaweb.com.ar\/index\/wp-content\/uploads\/2026\/04\/jornada-de-Ecoaccion.jpeg",1280,853,false],"2048x2048":["https:\/\/santiagoinformaweb.com.ar\/index\/wp-content\/uploads\/2026\/04\/jornada-de-Ecoaccion.jpeg",1280,853,false],"post-thumbnail":["https:\/\/santiagoinformaweb.com.ar\/index\/wp-content\/uploads\/2026\/04\/jornada-de-Ecoaccion-240x172.jpeg",240,172,true],"psacp-medium":["https:\/\/santiagoinformaweb.com.ar\/index\/wp-content\/uploads\/2026\/04\/jornada-de-Ecoaccion-500x500.jpeg",500,500,true]},"rttpg_author":{"display_name":"rober","author_link":"https:\/\/santiagoinformaweb.com.ar\/index\/author\/rober\/"},"rttpg_comment":0,"rttpg_category":"<a href=\"https:\/\/santiagoinformaweb.com.ar\/index\/category\/locales\/\" rel=\"category tag\">LOCALES<\/a>","rttpg_excerpt":"La intendente, Ing. Norma Fuentes, junto al ministro de la Producci\u00f3n, N\u00e9stor Machado, encabez\u00f3 una nueva jornada de EcoAcci\u00f3n en el barrio Col\u00f3n, orientada a la erradicaci\u00f3n de mini basurales y a la promoci\u00f3n de pr\u00e1cticas responsables con el medio ambiente. De la actividad tambi\u00e9n formaron parte los secretarios de Coordinaci\u00f3n de Gabinete, Mario Benavente;&hellip;","_links":{"self":[{"href":"https:\/\/santiagoinformaweb.com.ar\/index\/wp-json\/wp\/v2\/posts\/1449","targetHints":{"allow":["GET"]}}],"collection":[{"href":"https:\/\/santiagoinformaweb.com.ar\/index\/wp-json\/wp\/v2\/posts"}],"about":[{"href":"https:\/\/santiagoinformaweb.com.ar\/index\/wp-json\/wp\/v2\/types\/post"}],"author":[{"embeddable":true,"href":"https:\/\/santiagoinformaweb.com.ar\/index\/wp-json\/wp\/v2\/users\/1"}],"replies":[{"embeddable":true,"href":"https:\/\/santiagoinformaweb.com.ar\/index\/wp-json\/wp\/v2\/comments?post=1449"}],"version-history":[{"count":1,"href":"https:\/\/santiagoinformaweb.com.ar\/index\/wp-json\/wp\/v2\/posts\/1449\/revisions"}],"predecessor-version":[{"id":1451,"href":"https:\/\/santiagoinformaweb.com.ar\/index\/wp-json\/wp\/v2\/posts\/1449\/revisions\/1451"}],"wp:featuredmedia":[{"embeddable":true,"href":"https:\/\/santiagoinformaweb.com.ar\/index\/wp-json\/wp\/v2\/media\/1450"}],"wp:attachment":[{"href":"https:\/\/santiagoinformaweb.com.ar\/index\/wp-json\/wp\/v2\/media?parent=1449"}],"wp:term":[{"taxonomy":"category","embeddable":true,"href":"https:\/\/santiagoinformaweb.com.ar\/index\/wp-json\/wp\/v2\/categories?post=1449"},{"taxonomy":"post_tag","embeddable":true,"href":"https:\/\/santiagoinformaweb.com.ar\/index\/wp-json\/wp\/v2\/tags?post=1449"}],"curies":[{"name":"wp","href":"https:\/\/api.w.org\/{rel}","templated":true}]}}