{"id":211,"date":"2025-01-24T04:25:25","date_gmt":"2025-01-24T04:25:25","guid":{"rendered":"https:\/\/santiagoinformaweb.com.ar\/index\/?p=211"},"modified":"2025-01-24T04:25:25","modified_gmt":"2025-01-24T04:25:25","slug":"agenda-de-actividades-y-artistas-de-santiago-es-tu-rio","status":"publish","type":"post","link":"https:\/\/santiagoinformaweb.com.ar\/index\/2025\/01\/24\/agenda-de-actividades-y-artistas-de-santiago-es-tu-rio\/","title":{"rendered":"AGENDA DE ACTIVIDADES Y ARTISTAS DE SANTIAGO ES TU R\u00cdO"},"content":{"rendered":"<p>&nbsp;<\/p>\n<p>La Municipalidad de la Capital present\u00f3 la nueva cartelera de actividades y artistas de los que podr\u00e1n disfrutar los vecinos y turistas en Santiago es tu R\u00edo este fin de semana.<br \/>\nEn el predio ubicado en Alsina y Avenida Costanera Luis \u201cChacho\u201d Lescano, actuar\u00e1n el viernes 24 La Mistka, Meel Root y Artemisa. El s\u00e1bado 25, se presentar\u00e1n La Monada, Lalo Coronel, Guada Paz y Pasi\u00f3n Dance. Tambi\u00e9n habr\u00e1 partidos de rugby inclusivo con la participaci\u00f3n del equipo \u00abLos Tat\u00fa\u00bb.<br \/>\nEn tanto, el domingo 26 brindar\u00e1n un show en vivo Yande\u00f1os, El Sachero, Ruphay y BTM. Adem\u00e1s, por celebrarse el D\u00eda de la Educaci\u00f3n Ambiental, se llevar\u00e1n a cabo distintas actividades para concientizar sobre el cuidado de nuestro r\u00edo, como banderazos con mensajes alusivos, sectores de pintura infantil con dibujos relacionados con la tem\u00e1tica y stands de dise\u00f1o y moda circular a cargo de Norte Dise\u00f1o.<br \/>\nA estas m\u00faltiples iniciativas, se suman las ferias de emprendedores y artesanos, los juegos interactivos y de realidad virtual para ni\u00f1os, los puestos de eco canje y reciclado y los torneos de deportes de playa, entre otras.<\/p>\n","protected":false},"excerpt":{"rendered":"<p>&nbsp; La Municipalidad de la Capital present\u00f3 la nueva cartelera de actividades y artistas de los que podr\u00e1n disfrutar los vecinos y turistas en Santiago es tu R\u00edo este fin de semana. En el predio ubicado en Alsina y Avenida Costanera Luis \u201cChacho\u201d Lescano, actuar\u00e1n el viernes 24 La Mistka, Meel Root y Artemisa. El s\u00e1bado 25, se presentar\u00e1n La Monada, Lalo Coronel, Guada Paz y Pasi\u00f3n Dance. Tambi\u00e9n habr\u00e1 partidos de rugby inclusivo con la participaci\u00f3n del equipo \u00abLos Tat\u00fa\u00bb. En tanto, el domingo 26 brindar\u00e1n un show en&hellip;<\/p>\n","protected":false},"author":1,"featured_media":212,"comment_status":"open","ping_status":"open","sticky":false,"template":"","format":"standard","meta":{"footnotes":""},"categories":[2],"tags":[],"class_list":["post-211","post","type-post","status-publish","format-standard","has-post-thumbnail","hentry","category-locales"],"rttpg_featured_image_url":{"full":["https:\/\/santiagoinformaweb.com.ar\/index\/wp-content\/uploads\/2025\/01\/IMG-20250123-WA0053.jpg",1044,696,false],"landscape":["https:\/\/santiagoinformaweb.com.ar\/index\/wp-content\/uploads\/2025\/01\/IMG-20250123-WA0053.jpg",1044,696,false],"portraits":["https:\/\/santiagoinformaweb.com.ar\/index\/wp-content\/uploads\/2025\/01\/IMG-20250123-WA0053.jpg",1044,696,false],"thumbnail":["https:\/\/santiagoinformaweb.com.ar\/index\/wp-content\/uploads\/2025\/01\/IMG-20250123-WA0053-150x150.jpg",150,150,true],"medium":["https:\/\/santiagoinformaweb.com.ar\/index\/wp-content\/uploads\/2025\/01\/IMG-20250123-WA0053-300x200.jpg",300,200,true],"large":["https:\/\/santiagoinformaweb.com.ar\/index\/wp-content\/uploads\/2025\/01\/IMG-20250123-WA0053-1024x683.jpg",640,427,true],"1536x1536":["https:\/\/santiagoinformaweb.com.ar\/index\/wp-content\/uploads\/2025\/01\/IMG-20250123-WA0053.jpg",1044,696,false],"2048x2048":["https:\/\/santiagoinformaweb.com.ar\/index\/wp-content\/uploads\/2025\/01\/IMG-20250123-WA0053.jpg",1044,696,false],"post-thumbnail":["https:\/\/santiagoinformaweb.com.ar\/index\/wp-content\/uploads\/2025\/01\/IMG-20250123-WA0053-240x172.jpg",240,172,true],"psacp-medium":["https:\/\/santiagoinformaweb.com.ar\/index\/wp-content\/uploads\/2025\/01\/IMG-20250123-WA0053.jpg",500,333,false]},"rttpg_author":{"display_name":"rober","author_link":"https:\/\/santiagoinformaweb.com.ar\/index\/author\/rober\/"},"rttpg_comment":0,"rttpg_category":"<a href=\"https:\/\/santiagoinformaweb.com.ar\/index\/category\/locales\/\" rel=\"category tag\">LOCALES<\/a>","rttpg_excerpt":"&nbsp; La Municipalidad de la Capital present\u00f3 la nueva cartelera de actividades y artistas de los que podr\u00e1n disfrutar los vecinos y turistas en Santiago es tu R\u00edo este fin de semana. En el predio ubicado en Alsina y Avenida Costanera Luis \u201cChacho\u201d Lescano, actuar\u00e1n el viernes 24 La Mistka, Meel Root y Artemisa. El&hellip;","_links":{"self":[{"href":"https:\/\/santiagoinformaweb.com.ar\/index\/wp-json\/wp\/v2\/posts\/211","targetHints":{"allow":["GET"]}}],"collection":[{"href":"https:\/\/santiagoinformaweb.com.ar\/index\/wp-json\/wp\/v2\/posts"}],"about":[{"href":"https:\/\/santiagoinformaweb.com.ar\/index\/wp-json\/wp\/v2\/types\/post"}],"author":[{"embeddable":true,"href":"https:\/\/santiagoinformaweb.com.ar\/index\/wp-json\/wp\/v2\/users\/1"}],"replies":[{"embeddable":true,"href":"https:\/\/santiagoinformaweb.com.ar\/index\/wp-json\/wp\/v2\/comments?post=211"}],"version-history":[{"count":1,"href":"https:\/\/santiagoinformaweb.com.ar\/index\/wp-json\/wp\/v2\/posts\/211\/revisions"}],"predecessor-version":[{"id":213,"href":"https:\/\/santiagoinformaweb.com.ar\/index\/wp-json\/wp\/v2\/posts\/211\/revisions\/213"}],"wp:featuredmedia":[{"embeddable":true,"href":"https:\/\/santiagoinformaweb.com.ar\/index\/wp-json\/wp\/v2\/media\/212"}],"wp:attachment":[{"href":"https:\/\/santiagoinformaweb.com.ar\/index\/wp-json\/wp\/v2\/media?parent=211"}],"wp:term":[{"taxonomy":"category","embeddable":true,"href":"https:\/\/santiagoinformaweb.com.ar\/index\/wp-json\/wp\/v2\/categories?post=211"},{"taxonomy":"post_tag","embeddable":true,"href":"https:\/\/santiagoinformaweb.com.ar\/index\/wp-json\/wp\/v2\/tags?post=211"}],"curies":[{"name":"wp","href":"https:\/\/api.w.org\/{rel}","templated":true}]}}