{"id":429,"date":"2025-02-04T00:57:18","date_gmt":"2025-02-04T00:57:18","guid":{"rendered":"https:\/\/santiagoinformaweb.com.ar\/index\/?p=429"},"modified":"2025-02-04T00:57:18","modified_gmt":"2025-02-04T00:57:18","slug":"se-trabaja-en-la-construccion-del-segundo-puente-peatonal-sobre-el-desague-de-av-del-trabajo","status":"publish","type":"post","link":"https:\/\/santiagoinformaweb.com.ar\/index\/2025\/02\/04\/se-trabaja-en-la-construccion-del-segundo-puente-peatonal-sobre-el-desague-de-av-del-trabajo\/","title":{"rendered":"SE TRABAJA EN LA CONSTRUCCI\u00d3N DEL SEGUNDO PUENTE PEATONAL SOBRE EL DESAG\u00dcE DE AV. DEL TRABAJO"},"content":{"rendered":"<p>&nbsp;<\/p>\n<p>Obras P\u00fablicas de la Capital continu\u00f3 con la construcci\u00f3n del segundo puente peatonal ubicado sobre el desag\u00fce pluvial de la Avenida del Trabajo en la intersecci\u00f3n con la calle Benjam\u00edn Miranda, que conectar\u00e1 a los barrios Mariano Moreno y Tradici\u00f3n.<br \/>\nAll\u00ed, se construy\u00f3 la base m\u00e1s una losa de 10 metros de hormig\u00f3n armado con sus correspondientes cabeceras y viguetas, similar a la que se concret\u00f3 anteriormente en ese mismo desag\u00fce, en la intersecci\u00f3n con la calle Pedro Contreras.<br \/>\nLas tareas tienen como objetivo mejorar la comunicaci\u00f3n peatonal entre ambos lados, previendo instalar los pr\u00f3ximos d\u00edas las barandas de seguridad en ambos cruces peatonales.<\/p>\n","protected":false},"excerpt":{"rendered":"<p>&nbsp; Obras P\u00fablicas de la Capital continu\u00f3 con la construcci\u00f3n del segundo puente peatonal ubicado sobre el desag\u00fce pluvial de la Avenida del Trabajo en la intersecci\u00f3n con la calle Benjam\u00edn Miranda, que conectar\u00e1 a los barrios Mariano Moreno y Tradici\u00f3n. All\u00ed, se construy\u00f3 la base m\u00e1s una losa de 10 metros de hormig\u00f3n armado con sus correspondientes cabeceras y viguetas, similar a la que se concret\u00f3 anteriormente en ese mismo desag\u00fce, en la intersecci\u00f3n con la calle Pedro Contreras. Las tareas tienen como objetivo mejorar la comunicaci\u00f3n peatonal entre&hellip;<\/p>\n","protected":false},"author":1,"featured_media":430,"comment_status":"open","ping_status":"open","sticky":false,"template":"","format":"standard","meta":{"footnotes":""},"categories":[2],"tags":[],"class_list":["post-429","post","type-post","status-publish","format-standard","has-post-thumbnail","hentry","category-locales"],"rttpg_featured_image_url":{"full":["https:\/\/santiagoinformaweb.com.ar\/index\/wp-content\/uploads\/2025\/02\/puente.jpg",900,599,false],"landscape":["https:\/\/santiagoinformaweb.com.ar\/index\/wp-content\/uploads\/2025\/02\/puente.jpg",900,599,false],"portraits":["https:\/\/santiagoinformaweb.com.ar\/index\/wp-content\/uploads\/2025\/02\/puente.jpg",900,599,false],"thumbnail":["https:\/\/santiagoinformaweb.com.ar\/index\/wp-content\/uploads\/2025\/02\/puente-150x150.jpg",150,150,true],"medium":["https:\/\/santiagoinformaweb.com.ar\/index\/wp-content\/uploads\/2025\/02\/puente-300x200.jpg",300,200,true],"large":["https:\/\/santiagoinformaweb.com.ar\/index\/wp-content\/uploads\/2025\/02\/puente.jpg",640,426,false],"1536x1536":["https:\/\/santiagoinformaweb.com.ar\/index\/wp-content\/uploads\/2025\/02\/puente.jpg",900,599,false],"2048x2048":["https:\/\/santiagoinformaweb.com.ar\/index\/wp-content\/uploads\/2025\/02\/puente.jpg",900,599,false],"post-thumbnail":["https:\/\/santiagoinformaweb.com.ar\/index\/wp-content\/uploads\/2025\/02\/puente-240x172.jpg",240,172,true],"psacp-medium":["https:\/\/santiagoinformaweb.com.ar\/index\/wp-content\/uploads\/2025\/02\/puente.jpg",500,333,false]},"rttpg_author":{"display_name":"rober","author_link":"https:\/\/santiagoinformaweb.com.ar\/index\/author\/rober\/"},"rttpg_comment":0,"rttpg_category":"<a href=\"https:\/\/santiagoinformaweb.com.ar\/index\/category\/locales\/\" rel=\"category tag\">LOCALES<\/a>","rttpg_excerpt":"&nbsp; Obras P\u00fablicas de la Capital continu\u00f3 con la construcci\u00f3n del segundo puente peatonal ubicado sobre el desag\u00fce pluvial de la Avenida del Trabajo en la intersecci\u00f3n con la calle Benjam\u00edn Miranda, que conectar\u00e1 a los barrios Mariano Moreno y Tradici\u00f3n. All\u00ed, se construy\u00f3 la base m\u00e1s una losa de 10 metros de hormig\u00f3n armado&hellip;","_links":{"self":[{"href":"https:\/\/santiagoinformaweb.com.ar\/index\/wp-json\/wp\/v2\/posts\/429","targetHints":{"allow":["GET"]}}],"collection":[{"href":"https:\/\/santiagoinformaweb.com.ar\/index\/wp-json\/wp\/v2\/posts"}],"about":[{"href":"https:\/\/santiagoinformaweb.com.ar\/index\/wp-json\/wp\/v2\/types\/post"}],"author":[{"embeddable":true,"href":"https:\/\/santiagoinformaweb.com.ar\/index\/wp-json\/wp\/v2\/users\/1"}],"replies":[{"embeddable":true,"href":"https:\/\/santiagoinformaweb.com.ar\/index\/wp-json\/wp\/v2\/comments?post=429"}],"version-history":[{"count":1,"href":"https:\/\/santiagoinformaweb.com.ar\/index\/wp-json\/wp\/v2\/posts\/429\/revisions"}],"predecessor-version":[{"id":431,"href":"https:\/\/santiagoinformaweb.com.ar\/index\/wp-json\/wp\/v2\/posts\/429\/revisions\/431"}],"wp:featuredmedia":[{"embeddable":true,"href":"https:\/\/santiagoinformaweb.com.ar\/index\/wp-json\/wp\/v2\/media\/430"}],"wp:attachment":[{"href":"https:\/\/santiagoinformaweb.com.ar\/index\/wp-json\/wp\/v2\/media?parent=429"}],"wp:term":[{"taxonomy":"category","embeddable":true,"href":"https:\/\/santiagoinformaweb.com.ar\/index\/wp-json\/wp\/v2\/categories?post=429"},{"taxonomy":"post_tag","embeddable":true,"href":"https:\/\/santiagoinformaweb.com.ar\/index\/wp-json\/wp\/v2\/tags?post=429"}],"curies":[{"name":"wp","href":"https:\/\/api.w.org\/{rel}","templated":true}]}}