{"id":486,"date":"2025-02-18T14:10:43","date_gmt":"2025-02-18T14:10:43","guid":{"rendered":"https:\/\/santiagoinformaweb.com.ar\/index\/?p=486"},"modified":"2025-02-18T14:10:43","modified_gmt":"2025-02-18T14:10:43","slug":"la-ministra-de-salud-participo-del-cofesa","status":"publish","type":"post","link":"https:\/\/santiagoinformaweb.com.ar\/index\/2025\/02\/18\/la-ministra-de-salud-participo-del-cofesa\/","title":{"rendered":"La ministra de Salud particip\u00f3 del COFESA"},"content":{"rendered":"<p>La Ministra de Salud de la provincia, Natividad Nassif , particip\u00f3 este lunes en una nueva reuni\u00f3n del Consejo Federal de Salud (COFESA), que se llev\u00f3 a cabo en la sede de la cartera sanitaria nacional, en la Ciudad Aut\u00f3noma de Buenos Aires.<\/p>\n<p>&nbsp;<\/p>\n<p>Durante la jornada, las autoridades sanitarias de las distintas provincias del pa\u00eds debatieron sobre diversos ejes estrat\u00e9gicos vinculados a la calidad en los servicios de salud, la articulaci\u00f3n en materia de donaci\u00f3n y trasplante de \u00f3rganos, y los mecanismos de participaci\u00f3n en el fondo rotatorio regional para la adquisici\u00f3n de productos estrat\u00e9gicos a trav\u00e9s de la OPS (Organizaci\u00f3n Panamericana de la Salud).<\/p>\n<p>Tambi\u00e9n se dio un debate sobre el Decreto 62\/2025 que modifica la Ley de Identidad de G\u00e9nero, como as\u00ed tambi\u00e9n, la aplicaci\u00f3n de la Ley de Derechos del Paciente y el Programa Nacional de Garant\u00eda de Calidad en la Atenci\u00f3n M\u00e9dica. Otro punto relevante fue la presentaci\u00f3n de los avances del Plan Estrat\u00e9gico para la Prevenci\u00f3n y Control del Dengue.<\/p>\n<p>Desde nuestra provincia se subray\u00f3 la importancia de avanzar en pol\u00edticas p\u00fablicas sanitarias que contemplen la realidad de cada regi\u00f3n. Asimismo, se plante\u00f3 la necesidad de que los temas de impacto directo en las provincias sean abordados y debatidos en el \u00e1mbito del COFESA, garantizando una mirada federal y participativa en la toma de decisiones.<\/p>\n","protected":false},"excerpt":{"rendered":"<p>La Ministra de Salud de la provincia, Natividad Nassif , particip\u00f3 este lunes en una nueva reuni\u00f3n del Consejo Federal de Salud (COFESA), que se llev\u00f3 a cabo en la sede de la cartera sanitaria nacional, en la Ciudad Aut\u00f3noma de Buenos Aires. &nbsp; Durante la jornada, las autoridades sanitarias de las distintas provincias del pa\u00eds debatieron sobre diversos ejes estrat\u00e9gicos vinculados a la calidad en los servicios de salud, la articulaci\u00f3n en materia de donaci\u00f3n y trasplante de \u00f3rganos, y los mecanismos de participaci\u00f3n en el fondo rotatorio regional&hellip;<\/p>\n","protected":false},"author":1,"featured_media":487,"comment_status":"open","ping_status":"open","sticky":false,"template":"","format":"standard","meta":{"footnotes":""},"categories":[2],"tags":[],"class_list":["post-486","post","type-post","status-publish","format-standard","has-post-thumbnail","hentry","category-locales"],"rttpg_featured_image_url":{"full":["https:\/\/santiagoinformaweb.com.ar\/index\/wp-content\/uploads\/2025\/02\/FB_IMG_1739843925306-768x512-1.jpg",768,512,false],"landscape":["https:\/\/santiagoinformaweb.com.ar\/index\/wp-content\/uploads\/2025\/02\/FB_IMG_1739843925306-768x512-1.jpg",768,512,false],"portraits":["https:\/\/santiagoinformaweb.com.ar\/index\/wp-content\/uploads\/2025\/02\/FB_IMG_1739843925306-768x512-1.jpg",768,512,false],"thumbnail":["https:\/\/santiagoinformaweb.com.ar\/index\/wp-content\/uploads\/2025\/02\/FB_IMG_1739843925306-768x512-1-150x150.jpg",150,150,true],"medium":["https:\/\/santiagoinformaweb.com.ar\/index\/wp-content\/uploads\/2025\/02\/FB_IMG_1739843925306-768x512-1-300x200.jpg",300,200,true],"large":["https:\/\/santiagoinformaweb.com.ar\/index\/wp-content\/uploads\/2025\/02\/FB_IMG_1739843925306-768x512-1.jpg",640,427,false],"1536x1536":["https:\/\/santiagoinformaweb.com.ar\/index\/wp-content\/uploads\/2025\/02\/FB_IMG_1739843925306-768x512-1.jpg",768,512,false],"2048x2048":["https:\/\/santiagoinformaweb.com.ar\/index\/wp-content\/uploads\/2025\/02\/FB_IMG_1739843925306-768x512-1.jpg",768,512,false],"post-thumbnail":["https:\/\/santiagoinformaweb.com.ar\/index\/wp-content\/uploads\/2025\/02\/FB_IMG_1739843925306-768x512-1-240x172.jpg",240,172,true],"psacp-medium":["https:\/\/santiagoinformaweb.com.ar\/index\/wp-content\/uploads\/2025\/02\/FB_IMG_1739843925306-768x512-1.jpg",500,333,false]},"rttpg_author":{"display_name":"rober","author_link":"https:\/\/santiagoinformaweb.com.ar\/index\/author\/rober\/"},"rttpg_comment":0,"rttpg_category":"<a href=\"https:\/\/santiagoinformaweb.com.ar\/index\/category\/locales\/\" rel=\"category tag\">LOCALES<\/a>","rttpg_excerpt":"La Ministra de Salud de la provincia, Natividad Nassif , particip\u00f3 este lunes en una nueva reuni\u00f3n del Consejo Federal de Salud (COFESA), que se llev\u00f3 a cabo en la sede de la cartera sanitaria nacional, en la Ciudad Aut\u00f3noma de Buenos Aires. &nbsp; Durante la jornada, las autoridades sanitarias de las distintas provincias del&hellip;","_links":{"self":[{"href":"https:\/\/santiagoinformaweb.com.ar\/index\/wp-json\/wp\/v2\/posts\/486","targetHints":{"allow":["GET"]}}],"collection":[{"href":"https:\/\/santiagoinformaweb.com.ar\/index\/wp-json\/wp\/v2\/posts"}],"about":[{"href":"https:\/\/santiagoinformaweb.com.ar\/index\/wp-json\/wp\/v2\/types\/post"}],"author":[{"embeddable":true,"href":"https:\/\/santiagoinformaweb.com.ar\/index\/wp-json\/wp\/v2\/users\/1"}],"replies":[{"embeddable":true,"href":"https:\/\/santiagoinformaweb.com.ar\/index\/wp-json\/wp\/v2\/comments?post=486"}],"version-history":[{"count":2,"href":"https:\/\/santiagoinformaweb.com.ar\/index\/wp-json\/wp\/v2\/posts\/486\/revisions"}],"predecessor-version":[{"id":489,"href":"https:\/\/santiagoinformaweb.com.ar\/index\/wp-json\/wp\/v2\/posts\/486\/revisions\/489"}],"wp:featuredmedia":[{"embeddable":true,"href":"https:\/\/santiagoinformaweb.com.ar\/index\/wp-json\/wp\/v2\/media\/487"}],"wp:attachment":[{"href":"https:\/\/santiagoinformaweb.com.ar\/index\/wp-json\/wp\/v2\/media?parent=486"}],"wp:term":[{"taxonomy":"category","embeddable":true,"href":"https:\/\/santiagoinformaweb.com.ar\/index\/wp-json\/wp\/v2\/categories?post=486"},{"taxonomy":"post_tag","embeddable":true,"href":"https:\/\/santiagoinformaweb.com.ar\/index\/wp-json\/wp\/v2\/tags?post=486"}],"curies":[{"name":"wp","href":"https:\/\/api.w.org\/{rel}","templated":true}]}}