{"id":503,"date":"2025-05-11T07:42:37","date_gmt":"2025-05-11T07:42:37","guid":{"rendered":"https:\/\/santiagoinformaweb.com.ar\/index\/?p=503"},"modified":"2025-05-11T07:42:37","modified_gmt":"2025-05-11T07:42:37","slug":"la-intendente-fuente-destaco-el-esfuerzo-colectivo-de-la-muestra-artistica-de-mujeres-la-mostra-visual","status":"publish","type":"post","link":"https:\/\/santiagoinformaweb.com.ar\/index\/2025\/05\/11\/la-intendente-fuente-destaco-el-esfuerzo-colectivo-de-la-muestra-artistica-de-mujeres-la-mostra-visual\/","title":{"rendered":"LA INTENDENTE FUENTE DESTAC\u00d3 EL ESFUERZO COLECTIVO DE LA MUESTRA ARTISTICA DE MUJERES LA MOSTRA VISUAL"},"content":{"rendered":"<p>&nbsp;<\/p>\n<p>La intendente de la Capital, Ing. Norma Fuentes, particip\u00f3 del acto de apertura de la tercera edici\u00f3n de La Mostra Visual, una muestra que tiene por protagonistas a mujeres santiague\u00f1as en la casa Arga\u00f1araz Alcorta, ante un importante convocatoria de p\u00fablico que llen\u00f3 las salas.<br \/>\nEl encuentro en donde hay exhibiciones de trabajos art\u00edsticos, charlas, talleres, proyecci\u00f3n de producciones audiovisuales, una feria, entre otras actividades estar\u00e1 abierto hasta el domingo.<br \/>\nLa intendente Fuentes remarc\u00f3 que la municipalidad est\u00e1 presente apoyando este tipo de iniciativas porque Santiago del Estero \u00abes cultura\u00bb y acompa\u00f1a el esfuerzo colectivo de las mujeres que buscan su espacio para expresar su arte.<br \/>\nAsimismo, destac\u00f3 el trabajo de las artistas que superan adversidades y que dejan sus huellas.<br \/>\nPor su parte, Valeria Bullaude y Natalia Coronel valoraron el acompa\u00f1amiento de la intendente y de los funcionarios en el acto de apertura y del p\u00fablico que se hizo presente en la primera jornada.<br \/>\n\u00abNosotros somos un ejemplo fehaciente del trabajo colectivo y de que nadie se salva solo\u00bb, indicaron en referencia al trabajo en equipo que se hizo durante todas las ediciones de La Mostra Visual.<br \/>\nTambi\u00e9n durante el acto se hizo un emotivo homenaje a la actriz y cantante Celeste Patamia por su trayectoria en escena provincial del cine, teatro y televisi\u00f3n.<br \/>\nEntre las presencias destacadas de otras provincias estuvieron Aldana Loiseau (Jujuy): directora, guionista y animadora y Bibiana Fulchieri (C\u00f3rdoba) periodista y fot\u00f3grafa, quienes expresaron su satisfacci\u00f3n por el encuentro, la calidad de las obras presentadas y por el respaldo que brinda el estado a este tipo de eventos.<\/p>\n","protected":false},"excerpt":{"rendered":"<p>&nbsp; La intendente de la Capital, Ing. Norma Fuentes, particip\u00f3 del acto de apertura de la tercera edici\u00f3n de La Mostra Visual, una muestra que tiene por protagonistas a mujeres santiague\u00f1as en la casa Arga\u00f1araz Alcorta, ante un importante convocatoria de p\u00fablico que llen\u00f3 las salas. El encuentro en donde hay exhibiciones de trabajos art\u00edsticos, charlas, talleres, proyecci\u00f3n de producciones audiovisuales, una feria, entre otras actividades estar\u00e1 abierto hasta el domingo. La intendente Fuentes remarc\u00f3 que la municipalidad est\u00e1 presente apoyando este tipo de iniciativas porque Santiago del Estero \u00abes&hellip;<\/p>\n","protected":false},"author":1,"featured_media":504,"comment_status":"open","ping_status":"open","sticky":false,"template":"","format":"standard","meta":{"footnotes":""},"categories":[2],"tags":[],"class_list":["post-503","post","type-post","status-publish","format-standard","has-post-thumbnail","hentry","category-locales"],"rttpg_featured_image_url":{"full":["https:\/\/santiagoinformaweb.com.ar\/index\/wp-content\/uploads\/2025\/05\/mostra.jpeg",900,599,false],"landscape":["https:\/\/santiagoinformaweb.com.ar\/index\/wp-content\/uploads\/2025\/05\/mostra.jpeg",900,599,false],"portraits":["https:\/\/santiagoinformaweb.com.ar\/index\/wp-content\/uploads\/2025\/05\/mostra.jpeg",900,599,false],"thumbnail":["https:\/\/santiagoinformaweb.com.ar\/index\/wp-content\/uploads\/2025\/05\/mostra-150x150.jpeg",150,150,true],"medium":["https:\/\/santiagoinformaweb.com.ar\/index\/wp-content\/uploads\/2025\/05\/mostra-300x200.jpeg",300,200,true],"large":["https:\/\/santiagoinformaweb.com.ar\/index\/wp-content\/uploads\/2025\/05\/mostra.jpeg",640,426,false],"1536x1536":["https:\/\/santiagoinformaweb.com.ar\/index\/wp-content\/uploads\/2025\/05\/mostra.jpeg",900,599,false],"2048x2048":["https:\/\/santiagoinformaweb.com.ar\/index\/wp-content\/uploads\/2025\/05\/mostra.jpeg",900,599,false],"post-thumbnail":["https:\/\/santiagoinformaweb.com.ar\/index\/wp-content\/uploads\/2025\/05\/mostra-240x172.jpeg",240,172,true],"psacp-medium":["https:\/\/santiagoinformaweb.com.ar\/index\/wp-content\/uploads\/2025\/05\/mostra.jpeg",500,333,false]},"rttpg_author":{"display_name":"rober","author_link":"https:\/\/santiagoinformaweb.com.ar\/index\/author\/rober\/"},"rttpg_comment":0,"rttpg_category":"<a href=\"https:\/\/santiagoinformaweb.com.ar\/index\/category\/locales\/\" rel=\"category tag\">LOCALES<\/a>","rttpg_excerpt":"&nbsp; La intendente de la Capital, Ing. Norma Fuentes, particip\u00f3 del acto de apertura de la tercera edici\u00f3n de La Mostra Visual, una muestra que tiene por protagonistas a mujeres santiague\u00f1as en la casa Arga\u00f1araz Alcorta, ante un importante convocatoria de p\u00fablico que llen\u00f3 las salas. El encuentro en donde hay exhibiciones de trabajos art\u00edsticos,&hellip;","_links":{"self":[{"href":"https:\/\/santiagoinformaweb.com.ar\/index\/wp-json\/wp\/v2\/posts\/503","targetHints":{"allow":["GET"]}}],"collection":[{"href":"https:\/\/santiagoinformaweb.com.ar\/index\/wp-json\/wp\/v2\/posts"}],"about":[{"href":"https:\/\/santiagoinformaweb.com.ar\/index\/wp-json\/wp\/v2\/types\/post"}],"author":[{"embeddable":true,"href":"https:\/\/santiagoinformaweb.com.ar\/index\/wp-json\/wp\/v2\/users\/1"}],"replies":[{"embeddable":true,"href":"https:\/\/santiagoinformaweb.com.ar\/index\/wp-json\/wp\/v2\/comments?post=503"}],"version-history":[{"count":1,"href":"https:\/\/santiagoinformaweb.com.ar\/index\/wp-json\/wp\/v2\/posts\/503\/revisions"}],"predecessor-version":[{"id":505,"href":"https:\/\/santiagoinformaweb.com.ar\/index\/wp-json\/wp\/v2\/posts\/503\/revisions\/505"}],"wp:featuredmedia":[{"embeddable":true,"href":"https:\/\/santiagoinformaweb.com.ar\/index\/wp-json\/wp\/v2\/media\/504"}],"wp:attachment":[{"href":"https:\/\/santiagoinformaweb.com.ar\/index\/wp-json\/wp\/v2\/media?parent=503"}],"wp:term":[{"taxonomy":"category","embeddable":true,"href":"https:\/\/santiagoinformaweb.com.ar\/index\/wp-json\/wp\/v2\/categories?post=503"},{"taxonomy":"post_tag","embeddable":true,"href":"https:\/\/santiagoinformaweb.com.ar\/index\/wp-json\/wp\/v2\/tags?post=503"}],"curies":[{"name":"wp","href":"https:\/\/api.w.org\/{rel}","templated":true}]}}