{"id":506,"date":"2025-05-11T07:43:33","date_gmt":"2025-05-11T07:43:33","guid":{"rendered":"https:\/\/santiagoinformaweb.com.ar\/index\/?p=506"},"modified":"2025-05-11T07:43:33","modified_gmt":"2025-05-11T07:43:33","slug":"la-intendente-fuentes-participo-de-la-inauguracion-del-nuevo-acceso-al-complejo-cultural-de-la-unse","status":"publish","type":"post","link":"https:\/\/santiagoinformaweb.com.ar\/index\/2025\/05\/11\/la-intendente-fuentes-participo-de-la-inauguracion-del-nuevo-acceso-al-complejo-cultural-de-la-unse\/","title":{"rendered":"LA INTENDENTE FUENTES PARTICIP\u00d3 DE LA INAUGURACI\u00d3N DEL NUEVO ACCESO AL COMPLEJO CULTURAL DE LA UNSE"},"content":{"rendered":"<p>&nbsp;<\/p>\n<p>La Intendente Ing. Norma Fuentes particip\u00f3 del acto de inauguraci\u00f3n del acceso principal del Complejo Cultural \u201cBernardo Canal Feij\u00f3o\u201d de la Universidad Nacional de Santiago del Estero, que se dio en el marco del 52\u00b0 aniversario de esa Casa de Altos Estudios.<br \/>\nAll\u00ed acompa\u00f1\u00f3 al rector, Ing. H\u00e9ctor Paz, en el corte de cintas y el descubrimiento de la placa recordatoria.<br \/>\nLa intendente form\u00f3 parte de esta ceremonia junto a las ministras de Justicia y Derechos Humanos, Matilde O \u2018mill y de Salud de la Provincia, Natividad Nassif; el presidente del Concejo Deliberante, Humberto Santill\u00e1n; el secretario de Gobierno de la Municipalidad, N\u00e9stor Machado, autoridades de las distintas facultades de la Universidad, y de entidades educativas y sociales de la ciudad. La ceremonia concluy\u00f3 con una gala art\u00edstica en el paraninfo.<\/p>\n","protected":false},"excerpt":{"rendered":"<p>&nbsp; La Intendente Ing. Norma Fuentes particip\u00f3 del acto de inauguraci\u00f3n del acceso principal del Complejo Cultural \u201cBernardo Canal Feij\u00f3o\u201d de la Universidad Nacional de Santiago del Estero, que se dio en el marco del 52\u00b0 aniversario de esa Casa de Altos Estudios. All\u00ed acompa\u00f1\u00f3 al rector, Ing. H\u00e9ctor Paz, en el corte de cintas y el descubrimiento de la placa recordatoria. La intendente form\u00f3 parte de esta ceremonia junto a las ministras de Justicia y Derechos Humanos, Matilde O \u2018mill y de Salud de la Provincia, Natividad Nassif; el&hellip;<\/p>\n","protected":false},"author":1,"featured_media":507,"comment_status":"open","ping_status":"open","sticky":false,"template":"","format":"standard","meta":{"footnotes":""},"categories":[2],"tags":[],"class_list":["post-506","post","type-post","status-publish","format-standard","has-post-thumbnail","hentry","category-locales"],"rttpg_featured_image_url":{"full":["https:\/\/santiagoinformaweb.com.ar\/index\/wp-content\/uploads\/2025\/05\/fuentes-unse.jpeg",900,600,false],"landscape":["https:\/\/santiagoinformaweb.com.ar\/index\/wp-content\/uploads\/2025\/05\/fuentes-unse.jpeg",900,600,false],"portraits":["https:\/\/santiagoinformaweb.com.ar\/index\/wp-content\/uploads\/2025\/05\/fuentes-unse.jpeg",900,600,false],"thumbnail":["https:\/\/santiagoinformaweb.com.ar\/index\/wp-content\/uploads\/2025\/05\/fuentes-unse-150x150.jpeg",150,150,true],"medium":["https:\/\/santiagoinformaweb.com.ar\/index\/wp-content\/uploads\/2025\/05\/fuentes-unse-300x200.jpeg",300,200,true],"large":["https:\/\/santiagoinformaweb.com.ar\/index\/wp-content\/uploads\/2025\/05\/fuentes-unse.jpeg",640,427,false],"1536x1536":["https:\/\/santiagoinformaweb.com.ar\/index\/wp-content\/uploads\/2025\/05\/fuentes-unse.jpeg",900,600,false],"2048x2048":["https:\/\/santiagoinformaweb.com.ar\/index\/wp-content\/uploads\/2025\/05\/fuentes-unse.jpeg",900,600,false],"post-thumbnail":["https:\/\/santiagoinformaweb.com.ar\/index\/wp-content\/uploads\/2025\/05\/fuentes-unse-240x172.jpeg",240,172,true],"psacp-medium":["https:\/\/santiagoinformaweb.com.ar\/index\/wp-content\/uploads\/2025\/05\/fuentes-unse.jpeg",500,333,false]},"rttpg_author":{"display_name":"rober","author_link":"https:\/\/santiagoinformaweb.com.ar\/index\/author\/rober\/"},"rttpg_comment":0,"rttpg_category":"<a href=\"https:\/\/santiagoinformaweb.com.ar\/index\/category\/locales\/\" rel=\"category tag\">LOCALES<\/a>","rttpg_excerpt":"&nbsp; La Intendente Ing. Norma Fuentes particip\u00f3 del acto de inauguraci\u00f3n del acceso principal del Complejo Cultural \u201cBernardo Canal Feij\u00f3o\u201d de la Universidad Nacional de Santiago del Estero, que se dio en el marco del 52\u00b0 aniversario de esa Casa de Altos Estudios. All\u00ed acompa\u00f1\u00f3 al rector, Ing. H\u00e9ctor Paz, en el corte de cintas&hellip;","_links":{"self":[{"href":"https:\/\/santiagoinformaweb.com.ar\/index\/wp-json\/wp\/v2\/posts\/506","targetHints":{"allow":["GET"]}}],"collection":[{"href":"https:\/\/santiagoinformaweb.com.ar\/index\/wp-json\/wp\/v2\/posts"}],"about":[{"href":"https:\/\/santiagoinformaweb.com.ar\/index\/wp-json\/wp\/v2\/types\/post"}],"author":[{"embeddable":true,"href":"https:\/\/santiagoinformaweb.com.ar\/index\/wp-json\/wp\/v2\/users\/1"}],"replies":[{"embeddable":true,"href":"https:\/\/santiagoinformaweb.com.ar\/index\/wp-json\/wp\/v2\/comments?post=506"}],"version-history":[{"count":1,"href":"https:\/\/santiagoinformaweb.com.ar\/index\/wp-json\/wp\/v2\/posts\/506\/revisions"}],"predecessor-version":[{"id":508,"href":"https:\/\/santiagoinformaweb.com.ar\/index\/wp-json\/wp\/v2\/posts\/506\/revisions\/508"}],"wp:featuredmedia":[{"embeddable":true,"href":"https:\/\/santiagoinformaweb.com.ar\/index\/wp-json\/wp\/v2\/media\/507"}],"wp:attachment":[{"href":"https:\/\/santiagoinformaweb.com.ar\/index\/wp-json\/wp\/v2\/media?parent=506"}],"wp:term":[{"taxonomy":"category","embeddable":true,"href":"https:\/\/santiagoinformaweb.com.ar\/index\/wp-json\/wp\/v2\/categories?post=506"},{"taxonomy":"post_tag","embeddable":true,"href":"https:\/\/santiagoinformaweb.com.ar\/index\/wp-json\/wp\/v2\/tags?post=506"}],"curies":[{"name":"wp","href":"https:\/\/api.w.org\/{rel}","templated":true}]}}