{"id":509,"date":"2025-05-11T07:44:54","date_gmt":"2025-05-11T07:44:54","guid":{"rendered":"https:\/\/santiagoinformaweb.com.ar\/index\/?p=509"},"modified":"2025-05-11T07:44:54","modified_gmt":"2025-05-11T07:44:54","slug":"zamora-encabezo-la-apertura-oficial-de-la-temporada-turistica-2025-de-las-termas-de-rio-hondo","status":"publish","type":"post","link":"https:\/\/santiagoinformaweb.com.ar\/index\/2025\/05\/11\/zamora-encabezo-la-apertura-oficial-de-la-temporada-turistica-2025-de-las-termas-de-rio-hondo\/","title":{"rendered":"ZAMORA ENCABEZ\u00d3 LA APERTURA OFICIAL DE LA TEMPORADA TUR\u00cdSTICA 2025 DE LAS TERMAS DE R\u00cdO HONDO"},"content":{"rendered":"<p>&nbsp;<\/p>\n<p>El gobernador Gerardo Zamora realiz\u00f3 este s\u00e1bado la apertura oficial de la temporada tur\u00edstica invernal 2025 de Las Termas de R\u00edo Hondo, con una fiesta imponente ante un gran marco de p\u00fablico frente a la Plaza General San Mart\u00edn.<br \/>\nEl vicegobernador Carlos Silva Neder; el jefe de Gabinete, El\u00edas Su\u00e1rez; la senadora Claudia de Zamora; el subsecretario de Turismo, Nelson Bravo y el intendente termense Jorge Mukdise acompa\u00f1aron al mandatario en el palco.<br \/>\nMinistros, legisladores, representantes del Poder Judicial, de instituciones intermedias y del sector privado tambi\u00e9n fueron parte del acto que se inici\u00f3 con la bendici\u00f3n a cargo del sacerdote Ariel Muratore.<br \/>\nEl intendente Mukdise dio la bienvenida a las autoridades, oportunidad en la que obsequi\u00f3 al gobernador maquetas de las obras m\u00e1s importantes ejecutadas por el Gobierno de la provincia en esta ciudad en las \u00faltimas dos d\u00e9cadas, tales como el Aut\u00f3dromo Internacional, el aeropuerto, el golf club, el nuevo acceso a la ciudad por ruta 9, entre otras.<br \/>\nA su turno, el gobernador Zamora agradeci\u00f3 el afecto de los termenses y dio a conocer su deseo de que las maquetas sean exhibidas en los salones del nuevo edificio de la Subsecretar\u00eda de Turismo en esa ciudad, inaugurado recientemente.<br \/>\nEn este sentido, destac\u00f3 las inversiones realizadas para el desarrollo de la industria del turismo como generadora de empleo y crecimiento, con el acompa\u00f1amiento del sector privado.<br \/>\nEn ese punto pidi\u00f3 a los empresarios del sector a \u00abque sigan invirtiendo en Termas de R\u00edo Hondo porque no se van a arrepentir\u00bb, a\u00fan en los tiempos dif\u00edciles que atraviesa el pa\u00eds, porque Santiago del Estero sigue construyendo bases s\u00f3lidas para el progreso.<br \/>\nTras la ceremonia protocolar, se hizo en el Casino del Sol el lanzamiento de la primera bola de la temporada.<br \/>\nColorado 27 fue el primer n\u00famero ganador.<br \/>\nLa fiesta continu\u00f3 con un espect\u00e1culo art\u00edstico gratuito con figuras como Peteco Carabajal; D\u00fao Coplanacu; Arkanos del Desierto; Pedro Silva, entre otros.<\/p>\n","protected":false},"excerpt":{"rendered":"<p>&nbsp; El gobernador Gerardo Zamora realiz\u00f3 este s\u00e1bado la apertura oficial de la temporada tur\u00edstica invernal 2025 de Las Termas de R\u00edo Hondo, con una fiesta imponente ante un gran marco de p\u00fablico frente a la Plaza General San Mart\u00edn. El vicegobernador Carlos Silva Neder; el jefe de Gabinete, El\u00edas Su\u00e1rez; la senadora Claudia de Zamora; el subsecretario de Turismo, Nelson Bravo y el intendente termense Jorge Mukdise acompa\u00f1aron al mandatario en el palco. Ministros, legisladores, representantes del Poder Judicial, de instituciones intermedias y del sector privado tambi\u00e9n fueron parte&hellip;<\/p>\n","protected":false},"author":1,"featured_media":510,"comment_status":"open","ping_status":"open","sticky":false,"template":"","format":"standard","meta":{"footnotes":""},"categories":[2],"tags":[],"class_list":["post-509","post","type-post","status-publish","format-standard","has-post-thumbnail","hentry","category-locales"],"rttpg_featured_image_url":{"full":["https:\/\/santiagoinformaweb.com.ar\/index\/wp-content\/uploads\/2025\/05\/WhatsApp-Image-2025-05-10-at-22.04.26.jpeg",900,600,false],"landscape":["https:\/\/santiagoinformaweb.com.ar\/index\/wp-content\/uploads\/2025\/05\/WhatsApp-Image-2025-05-10-at-22.04.26.jpeg",900,600,false],"portraits":["https:\/\/santiagoinformaweb.com.ar\/index\/wp-content\/uploads\/2025\/05\/WhatsApp-Image-2025-05-10-at-22.04.26.jpeg",900,600,false],"thumbnail":["https:\/\/santiagoinformaweb.com.ar\/index\/wp-content\/uploads\/2025\/05\/WhatsApp-Image-2025-05-10-at-22.04.26-150x150.jpeg",150,150,true],"medium":["https:\/\/santiagoinformaweb.com.ar\/index\/wp-content\/uploads\/2025\/05\/WhatsApp-Image-2025-05-10-at-22.04.26-300x200.jpeg",300,200,true],"large":["https:\/\/santiagoinformaweb.com.ar\/index\/wp-content\/uploads\/2025\/05\/WhatsApp-Image-2025-05-10-at-22.04.26.jpeg",640,427,false],"1536x1536":["https:\/\/santiagoinformaweb.com.ar\/index\/wp-content\/uploads\/2025\/05\/WhatsApp-Image-2025-05-10-at-22.04.26.jpeg",900,600,false],"2048x2048":["https:\/\/santiagoinformaweb.com.ar\/index\/wp-content\/uploads\/2025\/05\/WhatsApp-Image-2025-05-10-at-22.04.26.jpeg",900,600,false],"post-thumbnail":["https:\/\/santiagoinformaweb.com.ar\/index\/wp-content\/uploads\/2025\/05\/WhatsApp-Image-2025-05-10-at-22.04.26-240x172.jpeg",240,172,true],"psacp-medium":["https:\/\/santiagoinformaweb.com.ar\/index\/wp-content\/uploads\/2025\/05\/WhatsApp-Image-2025-05-10-at-22.04.26.jpeg",500,333,false]},"rttpg_author":{"display_name":"rober","author_link":"https:\/\/santiagoinformaweb.com.ar\/index\/author\/rober\/"},"rttpg_comment":0,"rttpg_category":"<a href=\"https:\/\/santiagoinformaweb.com.ar\/index\/category\/locales\/\" rel=\"category tag\">LOCALES<\/a>","rttpg_excerpt":"&nbsp; El gobernador Gerardo Zamora realiz\u00f3 este s\u00e1bado la apertura oficial de la temporada tur\u00edstica invernal 2025 de Las Termas de R\u00edo Hondo, con una fiesta imponente ante un gran marco de p\u00fablico frente a la Plaza General San Mart\u00edn. El vicegobernador Carlos Silva Neder; el jefe de Gabinete, El\u00edas Su\u00e1rez; la senadora Claudia de&hellip;","_links":{"self":[{"href":"https:\/\/santiagoinformaweb.com.ar\/index\/wp-json\/wp\/v2\/posts\/509","targetHints":{"allow":["GET"]}}],"collection":[{"href":"https:\/\/santiagoinformaweb.com.ar\/index\/wp-json\/wp\/v2\/posts"}],"about":[{"href":"https:\/\/santiagoinformaweb.com.ar\/index\/wp-json\/wp\/v2\/types\/post"}],"author":[{"embeddable":true,"href":"https:\/\/santiagoinformaweb.com.ar\/index\/wp-json\/wp\/v2\/users\/1"}],"replies":[{"embeddable":true,"href":"https:\/\/santiagoinformaweb.com.ar\/index\/wp-json\/wp\/v2\/comments?post=509"}],"version-history":[{"count":1,"href":"https:\/\/santiagoinformaweb.com.ar\/index\/wp-json\/wp\/v2\/posts\/509\/revisions"}],"predecessor-version":[{"id":511,"href":"https:\/\/santiagoinformaweb.com.ar\/index\/wp-json\/wp\/v2\/posts\/509\/revisions\/511"}],"wp:featuredmedia":[{"embeddable":true,"href":"https:\/\/santiagoinformaweb.com.ar\/index\/wp-json\/wp\/v2\/media\/510"}],"wp:attachment":[{"href":"https:\/\/santiagoinformaweb.com.ar\/index\/wp-json\/wp\/v2\/media?parent=509"}],"wp:term":[{"taxonomy":"category","embeddable":true,"href":"https:\/\/santiagoinformaweb.com.ar\/index\/wp-json\/wp\/v2\/categories?post=509"},{"taxonomy":"post_tag","embeddable":true,"href":"https:\/\/santiagoinformaweb.com.ar\/index\/wp-json\/wp\/v2\/tags?post=509"}],"curies":[{"name":"wp","href":"https:\/\/api.w.org\/{rel}","templated":true}]}}