{"id":872,"date":"2025-06-04T17:46:58","date_gmt":"2025-06-04T17:46:58","guid":{"rendered":"https:\/\/santiagoinformaweb.com.ar\/index\/?p=872"},"modified":"2025-06-04T17:46:58","modified_gmt":"2025-06-04T17:46:58","slug":"autoridades-sanitarias-anunciaron-la-realizacion-del-xviii-workshop-nacional-de-endoscopia-digestiva-en-santiago-del-estero","status":"publish","type":"post","link":"https:\/\/santiagoinformaweb.com.ar\/index\/2025\/06\/04\/autoridades-sanitarias-anunciaron-la-realizacion-del-xviii-workshop-nacional-de-endoscopia-digestiva-en-santiago-del-estero\/","title":{"rendered":"Autoridades sanitarias anunciaron la realizaci\u00f3n del XVIII Workshop Nacional de Endoscop\u00eda Digestiva en Santiago del Estero"},"content":{"rendered":"<p>El Ministerio de Salud de la provincia de Santiago del Estero anunci\u00f3 la realizaci\u00f3n del XVIII Workshop Nacional de Endoscop\u00eda Digestiva, un evento cient\u00edfico de relevancia nacional e internacional que tendr\u00e1 lugar el pr\u00f3ximo s\u00e1bado 7 de junio, en el auditorio del Ministerio y transmisi\u00f3n v\u00eda streeming desde los quir\u00f3fanos Hospital Regional Dr. Ram\u00f3n Carrillo.<br \/>\nLa actividad, organizada por la Federaci\u00f3n Argentina de Asociaciones de Endoscop\u00eda Digestiva (FAED), con el apoyo de la Sociedad de Endoscop\u00eda Digestiva de Santiago del Estero y el Hospital Regional contar\u00e1 con la participaci\u00f3n de destacados profesionales del pa\u00eds y de pa\u00edses lim\u00edtrofes. El workshop incluir\u00e1 procedimientos endosc\u00f3picos de alta complejidad realizados en vivo a pacientes de nuestra provincia, an\u00e1lisis de casos cl\u00ednicos, disertaciones magistrales y espacios de debate acad\u00e9mico.<br \/>\nEn la conferencia de prensa estuvieron presentes la Ministra de Salud, Lic. Natividad Nassif; el Secretario de Salud, Dr. Gustavo Sabalza; la Dra. M\u00f3nica Salvatierra, Directora Coordinadora del Hospital Regional; el Dr. N\u00e9stor Fushimi, Director M\u00e9dico del nosocomio; los directores m\u00e9dicos del evento, Dr. Conrado Alcorta y Dr. Gustavo Paradelo, del Servicio de Endoscop\u00eda del Hospital Regional; y la Dra. Stella Arga\u00f1araz, Directora de Atenci\u00f3n M\u00e9dica.<br \/>\nLa ministra Nassif destac\u00f3 la importancia de que Santiago del Estero haya sido seleccionada como sede para este evento cient\u00edfico: \u201cLa FAED ha elegido a nuestra provincia para ser sede del XVIII Workshop. Este evento posiciona a la provincia no solo en el uso de t\u00e9cnicas m\u00e9dicas avanzadas, sino en el fortalecimiento del conocimiento profesional para mejorar la salud de nuestros pacientes\u201d.<br \/>\nPor su parte, el Dr. Conrado Alcorta, uno de los organizadores, agradeci\u00f3 a la FAED y al apoyo de las autoridades sanitarias de la provincia y explic\u00f3: \u201cSe trata de un evento de gran importancia para la endoscop\u00eda argentina. Con especialistas de distintos puntos del pa\u00eds y del extranjero se realizar\u00e1n 10 procedimientos endosc\u00f3picos complejos a pacientes de la provincia, cirug\u00edas de alta complejidad que se llevar\u00e1n a cabo en los quir\u00f3fanos del Hospital Regional. Ser\u00e1 transmitido v\u00eda streaming a todo el pa\u00eds y a pa\u00edses lim\u00edtrofes, ampliando su alcance y fortaleciendo los lazos acad\u00e9micos y cient\u00edficos de la regi\u00f3n. Por la tarde, tendremos charlas y presentaci\u00f3n de casos cl\u00ednicos para su an\u00e1lisis y discusi\u00f3n\u201d.<br \/>\nEl Dr. Gustavo Paradelo, tambi\u00e9n subray\u00f3 el valor formativo del encuentro: \u201cNuestro objetivo es aprender e incorporar progresivamente estas pr\u00e1cticas innovadoras a nuestra tarea diaria\u201d.<br \/>\nEn tanto, el Secretario de Salud, Dr. Gustavo Sabalza, remarc\u00f3 el impacto positivo que este tipo de procedimientos tiene en los pacientes y el sistema de salud: \u201cLa endoscop\u00eda ha evolucionado notablemente, permitiendo diagn\u00f3sticos y tratamientos m\u00ednimamente invasivos que favorecen una r\u00e1pida recuperaci\u00f3n y externaci\u00f3n. Este workshop trae consigo nuevas t\u00e9cnicas, tratamientos y experiencias que redundar\u00e1n en una mejor atenci\u00f3n para nuestra poblaci\u00f3n y en una mayor capacitaci\u00f3n de nuestros profesionales\u201d.<br \/>\nDesde el Ministerio de Salud se invita a toda la comunidad m\u00e9dica y a las instituciones del sector a participar y acompa\u00f1ar esta jornada de formaci\u00f3n y actualizaci\u00f3n profesional de primer nivel.<\/p>\n<p>&nbsp;<\/p>\n","protected":false},"excerpt":{"rendered":"<p>El Ministerio de Salud de la provincia de Santiago del Estero anunci\u00f3 la realizaci\u00f3n del XVIII Workshop Nacional de Endoscop\u00eda Digestiva, un evento cient\u00edfico de relevancia nacional e internacional que tendr\u00e1 lugar el pr\u00f3ximo s\u00e1bado 7 de junio, en el auditorio del Ministerio y transmisi\u00f3n v\u00eda streeming desde los quir\u00f3fanos Hospital Regional Dr. Ram\u00f3n Carrillo. La actividad, organizada por la Federaci\u00f3n Argentina de Asociaciones de Endoscop\u00eda Digestiva (FAED), con el apoyo de la Sociedad de Endoscop\u00eda Digestiva de Santiago del Estero y el Hospital Regional contar\u00e1 con la participaci\u00f3n de&hellip;<\/p>\n","protected":false},"author":1,"featured_media":873,"comment_status":"open","ping_status":"open","sticky":false,"template":"","format":"standard","meta":{"footnotes":""},"categories":[2],"tags":[],"class_list":["post-872","post","type-post","status-publish","format-standard","has-post-thumbnail","hentry","category-locales"],"rttpg_featured_image_url":{"full":["https:\/\/santiagoinformaweb.com.ar\/index\/wp-content\/uploads\/2025\/06\/WhatsApp-Image-2025-06-04-at-13.16.43.jpeg",1280,835,false],"landscape":["https:\/\/santiagoinformaweb.com.ar\/index\/wp-content\/uploads\/2025\/06\/WhatsApp-Image-2025-06-04-at-13.16.43.jpeg",1280,835,false],"portraits":["https:\/\/santiagoinformaweb.com.ar\/index\/wp-content\/uploads\/2025\/06\/WhatsApp-Image-2025-06-04-at-13.16.43.jpeg",1280,835,false],"thumbnail":["https:\/\/santiagoinformaweb.com.ar\/index\/wp-content\/uploads\/2025\/06\/WhatsApp-Image-2025-06-04-at-13.16.43-150x150.jpeg",150,150,true],"medium":["https:\/\/santiagoinformaweb.com.ar\/index\/wp-content\/uploads\/2025\/06\/WhatsApp-Image-2025-06-04-at-13.16.43-300x196.jpeg",300,196,true],"large":["https:\/\/santiagoinformaweb.com.ar\/index\/wp-content\/uploads\/2025\/06\/WhatsApp-Image-2025-06-04-at-13.16.43-1024x668.jpeg",640,418,true],"1536x1536":["https:\/\/santiagoinformaweb.com.ar\/index\/wp-content\/uploads\/2025\/06\/WhatsApp-Image-2025-06-04-at-13.16.43.jpeg",1280,835,false],"2048x2048":["https:\/\/santiagoinformaweb.com.ar\/index\/wp-content\/uploads\/2025\/06\/WhatsApp-Image-2025-06-04-at-13.16.43.jpeg",1280,835,false],"post-thumbnail":["https:\/\/santiagoinformaweb.com.ar\/index\/wp-content\/uploads\/2025\/06\/WhatsApp-Image-2025-06-04-at-13.16.43-240x172.jpeg",240,172,true],"psacp-medium":["https:\/\/santiagoinformaweb.com.ar\/index\/wp-content\/uploads\/2025\/06\/WhatsApp-Image-2025-06-04-at-13.16.43.jpeg",500,326,false]},"rttpg_author":{"display_name":"rober","author_link":"https:\/\/santiagoinformaweb.com.ar\/index\/author\/rober\/"},"rttpg_comment":0,"rttpg_category":"<a href=\"https:\/\/santiagoinformaweb.com.ar\/index\/category\/locales\/\" rel=\"category tag\">LOCALES<\/a>","rttpg_excerpt":"El Ministerio de Salud de la provincia de Santiago del Estero anunci\u00f3 la realizaci\u00f3n del XVIII Workshop Nacional de Endoscop\u00eda Digestiva, un evento cient\u00edfico de relevancia nacional e internacional que tendr\u00e1 lugar el pr\u00f3ximo s\u00e1bado 7 de junio, en el auditorio del Ministerio y transmisi\u00f3n v\u00eda streeming desde los quir\u00f3fanos Hospital Regional Dr. Ram\u00f3n Carrillo.&hellip;","_links":{"self":[{"href":"https:\/\/santiagoinformaweb.com.ar\/index\/wp-json\/wp\/v2\/posts\/872","targetHints":{"allow":["GET"]}}],"collection":[{"href":"https:\/\/santiagoinformaweb.com.ar\/index\/wp-json\/wp\/v2\/posts"}],"about":[{"href":"https:\/\/santiagoinformaweb.com.ar\/index\/wp-json\/wp\/v2\/types\/post"}],"author":[{"embeddable":true,"href":"https:\/\/santiagoinformaweb.com.ar\/index\/wp-json\/wp\/v2\/users\/1"}],"replies":[{"embeddable":true,"href":"https:\/\/santiagoinformaweb.com.ar\/index\/wp-json\/wp\/v2\/comments?post=872"}],"version-history":[{"count":1,"href":"https:\/\/santiagoinformaweb.com.ar\/index\/wp-json\/wp\/v2\/posts\/872\/revisions"}],"predecessor-version":[{"id":874,"href":"https:\/\/santiagoinformaweb.com.ar\/index\/wp-json\/wp\/v2\/posts\/872\/revisions\/874"}],"wp:featuredmedia":[{"embeddable":true,"href":"https:\/\/santiagoinformaweb.com.ar\/index\/wp-json\/wp\/v2\/media\/873"}],"wp:attachment":[{"href":"https:\/\/santiagoinformaweb.com.ar\/index\/wp-json\/wp\/v2\/media?parent=872"}],"wp:term":[{"taxonomy":"category","embeddable":true,"href":"https:\/\/santiagoinformaweb.com.ar\/index\/wp-json\/wp\/v2\/categories?post=872"},{"taxonomy":"post_tag","embeddable":true,"href":"https:\/\/santiagoinformaweb.com.ar\/index\/wp-json\/wp\/v2\/tags?post=872"}],"curies":[{"name":"wp","href":"https:\/\/api.w.org\/{rel}","templated":true}]}}