{"id":887,"date":"2025-06-09T16:34:11","date_gmt":"2025-06-09T16:34:11","guid":{"rendered":"https:\/\/santiagoinformaweb.com.ar\/index\/?p=887"},"modified":"2025-06-09T16:34:11","modified_gmt":"2025-06-09T16:34:11","slug":"entregan-material-didactico-sobre-seguridad-vial-a-escuelas-de-loreto","status":"publish","type":"post","link":"https:\/\/santiagoinformaweb.com.ar\/index\/2025\/06\/09\/entregan-material-didactico-sobre-seguridad-vial-a-escuelas-de-loreto\/","title":{"rendered":"ENTREGAN MATERIAL DID\u00c1CTICO SOBRE SEGURIDAD VIAL A ESCUELAS DE LORETO"},"content":{"rendered":"<p>&nbsp;<\/p>\n<p>El juez de Faltas de la provincia, Mat\u00edas Balmaceda, acompa\u00f1ado por su par de Loreto, Nelson Coronel, entreg\u00f3 material did\u00e1ctico sobre normas de seguridad vial a distintos establecimientos escolares de esta ciudad.<br \/>\nTambi\u00e9n participaron de esta actividad concejales, autoridades de Tr\u00e1nsito Municipal y miembros del gabinete local.<br \/>\nEsta iniciativa, que fue impulsada por el intendente de Loreto, Ram\u00f3n Gonz\u00e1lez, permite que las instituciones educativas brinden a sus alumnos las bases para que adquieran conocimientos sobre las normas de tr\u00e1nsito que contribuyan a la formaci\u00f3n de ciudadanos con mayor conciencia vial.<br \/>\nLas autoridades remarcaron la importancia de llevar la educaci\u00f3n vial, especialmente, a los ni\u00f1os y adolescentes con el fin de generar m\u00e1s conciencia, con el desaf\u00edo de formar peatones y futuros conductores m\u00e1s responsables.<\/p>\n","protected":false},"excerpt":{"rendered":"<p>&nbsp; El juez de Faltas de la provincia, Mat\u00edas Balmaceda, acompa\u00f1ado por su par de Loreto, Nelson Coronel, entreg\u00f3 material did\u00e1ctico sobre normas de seguridad vial a distintos establecimientos escolares de esta ciudad. Tambi\u00e9n participaron de esta actividad concejales, autoridades de Tr\u00e1nsito Municipal y miembros del gabinete local. Esta iniciativa, que fue impulsada por el intendente de Loreto, Ram\u00f3n Gonz\u00e1lez, permite que las instituciones educativas brinden a sus alumnos las bases para que adquieran conocimientos sobre las normas de tr\u00e1nsito que contribuyan a la formaci\u00f3n de ciudadanos con mayor conciencia&hellip;<\/p>\n","protected":false},"author":1,"featured_media":888,"comment_status":"open","ping_status":"open","sticky":false,"template":"","format":"standard","meta":{"footnotes":""},"categories":[2],"tags":[],"class_list":["post-887","post","type-post","status-publish","format-standard","has-post-thumbnail","hentry","category-locales"],"rttpg_featured_image_url":{"full":["https:\/\/santiagoinformaweb.com.ar\/index\/wp-content\/uploads\/2025\/06\/WhatsApp-Image-2025-06-09-at-11.29.41.jpeg",1280,960,false],"landscape":["https:\/\/santiagoinformaweb.com.ar\/index\/wp-content\/uploads\/2025\/06\/WhatsApp-Image-2025-06-09-at-11.29.41.jpeg",1280,960,false],"portraits":["https:\/\/santiagoinformaweb.com.ar\/index\/wp-content\/uploads\/2025\/06\/WhatsApp-Image-2025-06-09-at-11.29.41.jpeg",1280,960,false],"thumbnail":["https:\/\/santiagoinformaweb.com.ar\/index\/wp-content\/uploads\/2025\/06\/WhatsApp-Image-2025-06-09-at-11.29.41-150x150.jpeg",150,150,true],"medium":["https:\/\/santiagoinformaweb.com.ar\/index\/wp-content\/uploads\/2025\/06\/WhatsApp-Image-2025-06-09-at-11.29.41-300x225.jpeg",300,225,true],"large":["https:\/\/santiagoinformaweb.com.ar\/index\/wp-content\/uploads\/2025\/06\/WhatsApp-Image-2025-06-09-at-11.29.41-1024x768.jpeg",640,480,true],"1536x1536":["https:\/\/santiagoinformaweb.com.ar\/index\/wp-content\/uploads\/2025\/06\/WhatsApp-Image-2025-06-09-at-11.29.41.jpeg",1280,960,false],"2048x2048":["https:\/\/santiagoinformaweb.com.ar\/index\/wp-content\/uploads\/2025\/06\/WhatsApp-Image-2025-06-09-at-11.29.41.jpeg",1280,960,false],"post-thumbnail":["https:\/\/santiagoinformaweb.com.ar\/index\/wp-content\/uploads\/2025\/06\/WhatsApp-Image-2025-06-09-at-11.29.41-240x172.jpeg",240,172,true],"psacp-medium":["https:\/\/santiagoinformaweb.com.ar\/index\/wp-content\/uploads\/2025\/06\/WhatsApp-Image-2025-06-09-at-11.29.41.jpeg",500,375,false]},"rttpg_author":{"display_name":"rober","author_link":"https:\/\/santiagoinformaweb.com.ar\/index\/author\/rober\/"},"rttpg_comment":0,"rttpg_category":"<a href=\"https:\/\/santiagoinformaweb.com.ar\/index\/category\/locales\/\" rel=\"category tag\">LOCALES<\/a>","rttpg_excerpt":"&nbsp; El juez de Faltas de la provincia, Mat\u00edas Balmaceda, acompa\u00f1ado por su par de Loreto, Nelson Coronel, entreg\u00f3 material did\u00e1ctico sobre normas de seguridad vial a distintos establecimientos escolares de esta ciudad. Tambi\u00e9n participaron de esta actividad concejales, autoridades de Tr\u00e1nsito Municipal y miembros del gabinete local. Esta iniciativa, que fue impulsada por el&hellip;","_links":{"self":[{"href":"https:\/\/santiagoinformaweb.com.ar\/index\/wp-json\/wp\/v2\/posts\/887","targetHints":{"allow":["GET"]}}],"collection":[{"href":"https:\/\/santiagoinformaweb.com.ar\/index\/wp-json\/wp\/v2\/posts"}],"about":[{"href":"https:\/\/santiagoinformaweb.com.ar\/index\/wp-json\/wp\/v2\/types\/post"}],"author":[{"embeddable":true,"href":"https:\/\/santiagoinformaweb.com.ar\/index\/wp-json\/wp\/v2\/users\/1"}],"replies":[{"embeddable":true,"href":"https:\/\/santiagoinformaweb.com.ar\/index\/wp-json\/wp\/v2\/comments?post=887"}],"version-history":[{"count":1,"href":"https:\/\/santiagoinformaweb.com.ar\/index\/wp-json\/wp\/v2\/posts\/887\/revisions"}],"predecessor-version":[{"id":889,"href":"https:\/\/santiagoinformaweb.com.ar\/index\/wp-json\/wp\/v2\/posts\/887\/revisions\/889"}],"wp:featuredmedia":[{"embeddable":true,"href":"https:\/\/santiagoinformaweb.com.ar\/index\/wp-json\/wp\/v2\/media\/888"}],"wp:attachment":[{"href":"https:\/\/santiagoinformaweb.com.ar\/index\/wp-json\/wp\/v2\/media?parent=887"}],"wp:term":[{"taxonomy":"category","embeddable":true,"href":"https:\/\/santiagoinformaweb.com.ar\/index\/wp-json\/wp\/v2\/categories?post=887"},{"taxonomy":"post_tag","embeddable":true,"href":"https:\/\/santiagoinformaweb.com.ar\/index\/wp-json\/wp\/v2\/tags?post=887"}],"curies":[{"name":"wp","href":"https:\/\/api.w.org\/{rel}","templated":true}]}}