{"id":890,"date":"2025-06-09T16:43:31","date_gmt":"2025-06-09T16:43:31","guid":{"rendered":"https:\/\/santiagoinformaweb.com.ar\/index\/?p=890"},"modified":"2025-06-09T16:43:31","modified_gmt":"2025-06-09T16:43:31","slug":"el-gobernador-zamora-inauguro-en-quimili-la-refaccion-y-ampliacion-de-la-escuela-n-1-214-obras-de-iluminacion-enripiado-y-entrego-viviendas-sociales","status":"publish","type":"post","link":"https:\/\/santiagoinformaweb.com.ar\/index\/2025\/06\/09\/el-gobernador-zamora-inauguro-en-quimili-la-refaccion-y-ampliacion-de-la-escuela-n-1-214-obras-de-iluminacion-enripiado-y-entrego-viviendas-sociales\/","title":{"rendered":"EL GOBERNADOR ZAMORA INAUGUR\u00d3 EN QUIMIL\u00cd LA REFACCI\u00d3N Y AMPLIACI\u00d3N DE LA ESCUELA N\u00b0 1.214, OBRAS DE ILUMINACI\u00d3N, ENRIPIADO Y ENTREG\u00d3 VIVIENDAS SOCIALES"},"content":{"rendered":"<p>&nbsp;<\/p>\n<p>El gobernador Gerardo Zamora llev\u00f3 a cabo este lunes una jornada de inauguraciones en la ciudad de Quimil\u00ed con la habilitaci\u00f3n del renovado edificio de la Escuela N\u00b0 1214 \u201cSanta Dorotea\u201d; tambi\u00e9n entreg\u00f3 viviendas sociales construidas con fondos provinciales con colaboraci\u00f3n del municipio local y habilit\u00f3 6 mil metros de enripiado y la nueva red de iluminaci\u00f3n en el acceso a Quimil\u00ed por Ruta 116.<br \/>\nEl mandatario estuvo acompa\u00f1ado por el vicegobernador Carlos Silva Neder; los ministros de Obras P\u00fablicas, Aldo Hid; de Gobierno, Marcelo Barbur, y de Desarrollo Social \u00c1ngel Niccolai. Tambi\u00e9n por la presidente del Consejo General de Educaci\u00f3n, Mar\u00eda Elena Herrera.<br \/>\nFue recibido por el intendente Diego Ponti, quien particip\u00f3 del recorrido que comenz\u00f3 por el domicilio de Mar\u00eda Bustamante, donde se hizo la entrega simb\u00f3lica de las viviendas sociales.<br \/>\nLuego las autoridades se trasladaron a la Escuela N\u00b0 1.214 \u201cSanta Dorotea, donde fueron recibidas por la directora Nadia Arias Rivero, quien expres\u00f3 su agradecimiento por esta jornada hist\u00f3rica para la comunidad.<br \/>\nCabe destacar que en la instituci\u00f3n se realiz\u00f3 la refacci\u00f3n completa con tres m\u00f3dulos \u00e1ulicos, sal\u00f3n comedor, SUM y ba\u00f1os, nuevos y un laboratorio totalmente equipado para 300 alumnos que asisten en los turnos ma\u00f1ana y tarde.<br \/>\nA su turno, el mandatario destac\u00f3 la importancia del programa de viviendas sociales; detall\u00f3 sobre sus caracter\u00edsticas y tambi\u00e9n se refiri\u00f3 al enorme trabajo solidario entre el gobierno provincial y la comuna.<br \/>\n\u201cSabemos el contexto socioecon\u00f3mico en el cual nos encontramos, es por eso que es una pol\u00edtica de Estado proseguir con una mirada de inversi\u00f3n que se basa en la la educaci\u00f3n para romper asimetr\u00edas y conjugar la capacidad productiva en la era del conocimiento\u201d, subray\u00f3 Zamora, quien coment\u00f3 adem\u00e1s sobre las expectativas para continuar con pol\u00edticas p\u00fablicas en paralelo como eje desde su gesti\u00f3n.<br \/>\nPosteriormente, hizo hincapi\u00e9 en la relevancia de Quimil\u00ed en una zona con gran capacidad productiva y su valor exportador a lo largo del departamento Moreno.<br \/>\nFinalmente la comitiva se traslad\u00f3 a la nueva sede del Cuartel de Bomberos Voluntarios de Quimil\u00ed, donde el gobernador mantuvo una charla amena con los socorristas.<\/p>\n","protected":false},"excerpt":{"rendered":"<p>&nbsp; El gobernador Gerardo Zamora llev\u00f3 a cabo este lunes una jornada de inauguraciones en la ciudad de Quimil\u00ed con la habilitaci\u00f3n del renovado edificio de la Escuela N\u00b0 1214 \u201cSanta Dorotea\u201d; tambi\u00e9n entreg\u00f3 viviendas sociales construidas con fondos provinciales con colaboraci\u00f3n del municipio local y habilit\u00f3 6 mil metros de enripiado y la nueva red de iluminaci\u00f3n en el acceso a Quimil\u00ed por Ruta 116. El mandatario estuvo acompa\u00f1ado por el vicegobernador Carlos Silva Neder; los ministros de Obras P\u00fablicas, Aldo Hid; de Gobierno, Marcelo Barbur, y de Desarrollo&hellip;<\/p>\n","protected":false},"author":1,"featured_media":891,"comment_status":"open","ping_status":"open","sticky":false,"template":"","format":"standard","meta":{"footnotes":""},"categories":[2],"tags":[],"class_list":["post-890","post","type-post","status-publish","format-standard","has-post-thumbnail","hentry","category-locales"],"rttpg_featured_image_url":{"full":["https:\/\/santiagoinformaweb.com.ar\/index\/wp-content\/uploads\/2025\/06\/WhatsApp-Image-2025-06-09-at-13.35.28.jpeg",900,580,false],"landscape":["https:\/\/santiagoinformaweb.com.ar\/index\/wp-content\/uploads\/2025\/06\/WhatsApp-Image-2025-06-09-at-13.35.28.jpeg",900,580,false],"portraits":["https:\/\/santiagoinformaweb.com.ar\/index\/wp-content\/uploads\/2025\/06\/WhatsApp-Image-2025-06-09-at-13.35.28.jpeg",900,580,false],"thumbnail":["https:\/\/santiagoinformaweb.com.ar\/index\/wp-content\/uploads\/2025\/06\/WhatsApp-Image-2025-06-09-at-13.35.28-150x150.jpeg",150,150,true],"medium":["https:\/\/santiagoinformaweb.com.ar\/index\/wp-content\/uploads\/2025\/06\/WhatsApp-Image-2025-06-09-at-13.35.28-300x193.jpeg",300,193,true],"large":["https:\/\/santiagoinformaweb.com.ar\/index\/wp-content\/uploads\/2025\/06\/WhatsApp-Image-2025-06-09-at-13.35.28.jpeg",640,412,false],"1536x1536":["https:\/\/santiagoinformaweb.com.ar\/index\/wp-content\/uploads\/2025\/06\/WhatsApp-Image-2025-06-09-at-13.35.28.jpeg",900,580,false],"2048x2048":["https:\/\/santiagoinformaweb.com.ar\/index\/wp-content\/uploads\/2025\/06\/WhatsApp-Image-2025-06-09-at-13.35.28.jpeg",900,580,false],"post-thumbnail":["https:\/\/santiagoinformaweb.com.ar\/index\/wp-content\/uploads\/2025\/06\/WhatsApp-Image-2025-06-09-at-13.35.28-240x172.jpeg",240,172,true],"psacp-medium":["https:\/\/santiagoinformaweb.com.ar\/index\/wp-content\/uploads\/2025\/06\/WhatsApp-Image-2025-06-09-at-13.35.28.jpeg",500,322,false]},"rttpg_author":{"display_name":"rober","author_link":"https:\/\/santiagoinformaweb.com.ar\/index\/author\/rober\/"},"rttpg_comment":0,"rttpg_category":"<a href=\"https:\/\/santiagoinformaweb.com.ar\/index\/category\/locales\/\" rel=\"category tag\">LOCALES<\/a>","rttpg_excerpt":"&nbsp; El gobernador Gerardo Zamora llev\u00f3 a cabo este lunes una jornada de inauguraciones en la ciudad de Quimil\u00ed con la habilitaci\u00f3n del renovado edificio de la Escuela N\u00b0 1214 \u201cSanta Dorotea\u201d; tambi\u00e9n entreg\u00f3 viviendas sociales construidas con fondos provinciales con colaboraci\u00f3n del municipio local y habilit\u00f3 6 mil metros de enripiado y la nueva&hellip;","_links":{"self":[{"href":"https:\/\/santiagoinformaweb.com.ar\/index\/wp-json\/wp\/v2\/posts\/890","targetHints":{"allow":["GET"]}}],"collection":[{"href":"https:\/\/santiagoinformaweb.com.ar\/index\/wp-json\/wp\/v2\/posts"}],"about":[{"href":"https:\/\/santiagoinformaweb.com.ar\/index\/wp-json\/wp\/v2\/types\/post"}],"author":[{"embeddable":true,"href":"https:\/\/santiagoinformaweb.com.ar\/index\/wp-json\/wp\/v2\/users\/1"}],"replies":[{"embeddable":true,"href":"https:\/\/santiagoinformaweb.com.ar\/index\/wp-json\/wp\/v2\/comments?post=890"}],"version-history":[{"count":1,"href":"https:\/\/santiagoinformaweb.com.ar\/index\/wp-json\/wp\/v2\/posts\/890\/revisions"}],"predecessor-version":[{"id":892,"href":"https:\/\/santiagoinformaweb.com.ar\/index\/wp-json\/wp\/v2\/posts\/890\/revisions\/892"}],"wp:featuredmedia":[{"embeddable":true,"href":"https:\/\/santiagoinformaweb.com.ar\/index\/wp-json\/wp\/v2\/media\/891"}],"wp:attachment":[{"href":"https:\/\/santiagoinformaweb.com.ar\/index\/wp-json\/wp\/v2\/media?parent=890"}],"wp:term":[{"taxonomy":"category","embeddable":true,"href":"https:\/\/santiagoinformaweb.com.ar\/index\/wp-json\/wp\/v2\/categories?post=890"},{"taxonomy":"post_tag","embeddable":true,"href":"https:\/\/santiagoinformaweb.com.ar\/index\/wp-json\/wp\/v2\/tags?post=890"}],"curies":[{"name":"wp","href":"https:\/\/api.w.org\/{rel}","templated":true}]}}